{"id":9152,"date":"2021-06-08T15:26:13","date_gmt":"2021-06-08T19:26:13","guid":{"rendered":"https:\/\/www.oacas.org\/?p=9152"},"modified":"2021-06-18T15:31:28","modified_gmt":"2021-06-18T19:31:28","slug":"declaration-de-soutien-aux-canadiens-musulmans-par-suite-du-recent-attentat-a-london-en-ontario","status":"publish","type":"post","link":"https:\/\/www.oacas.org\/fr\/2021\/06\/declaration-de-soutien-aux-canadiens-musulmans-par-suite-du-recent-attentat-a-london-en-ontario\/","title":{"rendered":"D\u00e9claration de soutien aux Canadiens musulmans par suite du r\u00e9cent attentat \u00e0 London, en Ontario"},"content":{"rendered":"<p>En tant qu&rsquo;organisme vou\u00e9 \u00e0 la s\u00e9curit\u00e9 et au bien-\u00eatre des enfants, des jeunes et des familles, nous sommes d\u00e9vast\u00e9s par l&rsquo;attaque de dimanche dernier \u00e0 London, en Ontario, qui visait une famille musulmane en raison de sa confession religieuse. Nous nous unissons \u00e0 nos membres pour condamner cet acte haineux de violence et d&rsquo;islamophobie. Nous sommes solidaires des communaut\u00e9s musulmanes de tout l&rsquo;Ontario.<\/p>\n<p>Personne ne devrait \u00eatre soumis \u00e0 la violence ou vivre dans la peur en raison de son identit\u00e9. Comme <a href=\"http:\/\/www.oacas.org\/2021\/06\/statement-on-the-conflict-in-the-middle-east-and-condemnation-of-all-acts-of-violence\/\"><strong>nous l&rsquo;avons d\u00e9clar\u00e9 r\u00e9cemment<\/strong><\/a>, nous sommes les alli\u00e9s de ceux qui veulent la paix et la s\u00e9curit\u00e9 pour tous. La haine et la discrimination n&rsquo;ont pas leur place dans notre province ou notre pays.<\/p>\n<p>Il est de notre responsabilit\u00e9 collective d\u2019assurer la s\u00e9curit\u00e9 de nos amis, de nos familles et de nos voisins. Si vous \u00eates t\u00e9moin d&rsquo;un acte de discrimination ou de haine, veuillez communiquer <em>imm\u00e9diatement<\/em> avec votre service de police local. En cas d&rsquo;urgence, votre premier appel devrait \u00eatre le 911.<\/p>\n<p>Nous comprenons que ces \u00e9v\u00e9nements sont traumatisants. Nous encourageons toute personne qui pourrait avoir besoin d&rsquo;un soutien additionnel en ce moment \u00e0 s&rsquo;adresser aux services offerts dans sa communaut\u00e9. Nous encourageons aussi nos membres \u00e0 entrer en contact avec les enfants, les jeunes et les familles musulmans qu&rsquo;ils servent, ainsi qu&rsquo;avec leur personnel, afin de leur apporter leur soutien durant cette p\u00e9riode difficile.<\/p>\n<p>Pour les jeunes musulmans qui pourraient avoir besoin d&rsquo;aide aujourd&rsquo;hui ou au cours des prochains jours, la <a href=\"https:\/\/naseeha.org\/\" target=\"_blank\" rel=\"noopener\"><strong>ligne d\u2019assistance Naseeha<\/strong><\/a>\u00a0est disponible sept jours sur sept, de midi \u00e0 minuit (HE). De plus, une liste de centres de d\u00e9tresse est disponible <a href=\"https:\/\/www.dcontario.org\/locations\/\" target=\"_blank\" rel=\"noopener\"><strong>ici<\/strong><\/a>, et la <a href=\"https:\/\/www.macnet.ca\/\" target=\"_blank\" rel=\"noopener\"><strong>Muslim Association of Canada<\/strong><\/a> a des sections r\u00e9gionales partout au pays, y compris une \u00e0 London. Plusieurs autres lignes de crise et ressources en sant\u00e9 mentale sont disponibles <a href=\"https:\/\/www.oacas.org\/fr\/ce-que-nous-faisons\/communications-et-engagement-du-public\/ressources-pour-familles\/\"><strong>ici<\/strong><\/a>.<\/p>\n","protected":false},"excerpt":{"rendered":"","protected":false},"author":19,"featured_media":8346,"comment_status":"closed","ping_status":"open","sticky":false,"template":"","format":"standard","meta":{"footnotes":"","_links_to":"","_links_to_target":""},"categories":[34,42,46,57],"tags":[],"class_list":["post-9152","post","type-post","status-publish","format-standard","has-post-thumbnail","hentry","category-en-vedette","category-enfants","category-jeunes","category-responsabilisation"],"_links":{"self":[{"href":"https:\/\/www.oacas.org\/fr\/wp-json\/wp\/v2\/posts\/9152","targetHints":{"allow":["GET"]}}],"collection":[{"href":"https:\/\/www.oacas.org\/fr\/wp-json\/wp\/v2\/posts"}],"about":[{"href":"https:\/\/www.oacas.org\/fr\/wp-json\/wp\/v2\/types\/post"}],"author":[{"embeddable":true,"href":"https:\/\/www.oacas.org\/fr\/wp-json\/wp\/v2\/users\/19"}],"replies":[{"embeddable":true,"href":"https:\/\/www.oacas.org\/fr\/wp-json\/wp\/v2\/comments?post=9152"}],"version-history":[{"count":0,"href":"https:\/\/www.oacas.org\/fr\/wp-json\/wp\/v2\/posts\/9152\/revisions"}],"wp:featuredmedia":[{"embeddable":true,"href":"https:\/\/www.oacas.org\/fr\/wp-json\/wp\/v2\/media\/8346"}],"wp:attachment":[{"href":"https:\/\/www.oacas.org\/fr\/wp-json\/wp\/v2\/media?parent=9152"}],"wp:term":[{"taxonomy":"category","embeddable":true,"href":"https:\/\/www.oacas.org\/fr\/wp-json\/wp\/v2\/categories?post=9152"},{"taxonomy":"post_tag","embeddable":true,"href":"https:\/\/www.oacas.org\/fr\/wp-json\/wp\/v2\/tags?post=9152"}],"curies":[{"name":"wp","href":"https:\/\/api.w.org\/{rel}","templated":true}]}}