{"id":9016,"date":"2021-05-14T08:44:00","date_gmt":"2021-05-14T12:44:00","guid":{"rendered":"http:\/\/www.oacas.org\/?p=9016"},"modified":"2021-05-14T08:55:47","modified_gmt":"2021-05-14T12:55:47","slug":"lors-du-jour-des-enfants-et-des-jeunes-pris-en-charge-2021-prenez5-et-parlez-de-la-sante-de-la-sante-mentale","status":"publish","type":"post","link":"https:\/\/www.oacas.org\/fr\/2021\/05\/lors-du-jour-des-enfants-et-des-jeunes-pris-en-charge-2021-prenez5-et-parlez-de-la-sante-de-la-sante-mentale\/","title":{"rendered":"Lors du Jour des enfants et des jeunes pris en charge 2021, Prenez5 et parlez de la sant\u00e9 de la sant\u00e9 mentale"},"content":{"rendered":"<p>Le 14\u00a0mai est le <a href=\"http:\/\/www.oacas.org\/childrenandyouthincare\/\">Jour des enfants et des jeunes pris en charge<\/a> en Ontario. Il s\u2019agit d\u2019une journ\u00e9e consacr\u00e9e \u00e0 la sensibilisation aux probl\u00e8mes et aux d\u00e9fis auxquels sont confront\u00e9s les enfants et les jeunes dans le syst\u00e8me du bien-\u00eatre de l\u2019enfance de l\u2019Ontario, ainsi qu\u2019\u00e0 la c\u00e9l\u00e9bration de leur force, de leur courage et de leur r\u00e9silience face \u00e0 l\u2019adversit\u00e9.<\/p>\n<p>La pand\u00e9mie de COVID-19 a entra\u00een\u00e9 des d\u00e9fis et des pr\u00e9occupations suppl\u00e9mentaires pour les jeunes, notamment un sentiment d\u2019isolement et de solitude. Cela est particuli\u00e8rement vrai pour les enfants et les jeunes pris en charge ou l\u2019ayant d\u00e9j\u00e0 \u00e9t\u00e9.<\/p>\n<p>C\u2019est pourquoi l\u2019AOSAE est ravie de lancer <a href=\"http:\/\/www.take-5.org\">Prenez5<\/a> en ce Jour des enfants et des jeunes pris en charge! Gr\u00e2ce au financement du minist\u00e8re de l\u2019Enfance, de la Communaut\u00e9 et des Services sociaux (MCCSS), l\u2019AOSAE a collabor\u00e9 avec son Comit\u00e9 consultatif des jeunes des d\u00e9fenseurs de First Voice, plus de 20\u00a0organismes communautaires et des experts pour organiser des ressources d\u2019information, du contenu multim\u00e9dia original, des ateliers en direct et des \u00e9v\u00e9nements pour les soignants, les enfants et les jeunes de tous \u00e2ges.<\/p>\n<p>Espace interactif en ligne, <a href=\"http:\/\/www.take-5.org\">Prenez5<\/a> lutte contre l\u2019isolement et b\u00e2tit une communaut\u00e9 afin de r\u00e9duire les risques en mati\u00e8re de sant\u00e9 mentale pour les enfants et les jeunes pris en charge pendant la pand\u00e9mie de COVID-19 et apr\u00e8s celle-ci.<\/p>\n<p>\u00ab\u00a0Prenez5\u00a0\u00bb minutes (ou plus) avec nous aujourd\u2019hui pour soutenir la sant\u00e9 mentale et le bien-\u00eatre des enfants et des jeunes pris en charge. Visitez <a href=\"http:\/\/www.take-5.org\">www.take-5.org<\/a> pour en apprendre davantage!<\/p>\n<p><strong>\u00cates-vous une jeune personne prise en charge ou l\u2019ayant d\u00e9j\u00e0 \u00e9t\u00e9? <\/strong><\/p>\n<p>Visitez <a href=\"http:\/\/www.take-5.org\">Prenez5<\/a> et parcourez les ressources et le contenu r\u00e9partis en six th\u00e8mes cl\u00e9s. Prenez contact avec nous \u00e0 <a href=\"mailto:youthcan@oacas.org\">youthcan@oacas.org<\/a> pour toute question.<\/p>\n<p><strong>\u00cates-vous une personne responsable ou travaillez-vous en \u00e9troite collaboration avec des jeunes pris en charge? <\/strong><\/p>\n<p>Jetez un \u0153il sur les ressources pour les personnes responsables et d\u00e9couvrez les questions que vous pouvez poser pour contribuer \u00e0 soutenir davantage la sant\u00e9 mentale et le bien-\u00eatre des jeunes avec qui vous habitez ou travaillez.<\/p>\n","protected":false},"excerpt":{"rendered":"","protected":false},"author":21,"featured_media":9022,"comment_status":"closed","ping_status":"open","sticky":false,"template":"","format":"standard","meta":{"footnotes":"","_links_to":"","_links_to_target":""},"categories":[43,34,42,95,61,46,33],"tags":[],"class_list":["post-9016","post","type-post","status-publish","format-standard","has-post-thumbnail","hentry","category-agences-daide-a-lenfance","category-en-vedette","category-enfants","category-evenements","category-gouvernement","category-jeunes","category-partenaires-communautaires"],"_links":{"self":[{"href":"https:\/\/www.oacas.org\/fr\/wp-json\/wp\/v2\/posts\/9016","targetHints":{"allow":["GET"]}}],"collection":[{"href":"https:\/\/www.oacas.org\/fr\/wp-json\/wp\/v2\/posts"}],"about":[{"href":"https:\/\/www.oacas.org\/fr\/wp-json\/wp\/v2\/types\/post"}],"author":[{"embeddable":true,"href":"https:\/\/www.oacas.org\/fr\/wp-json\/wp\/v2\/users\/21"}],"replies":[{"embeddable":true,"href":"https:\/\/www.oacas.org\/fr\/wp-json\/wp\/v2\/comments?post=9016"}],"version-history":[{"count":0,"href":"https:\/\/www.oacas.org\/fr\/wp-json\/wp\/v2\/posts\/9016\/revisions"}],"wp:featuredmedia":[{"embeddable":true,"href":"https:\/\/www.oacas.org\/fr\/wp-json\/wp\/v2\/media\/9022"}],"wp:attachment":[{"href":"https:\/\/www.oacas.org\/fr\/wp-json\/wp\/v2\/media?parent=9016"}],"wp:term":[{"taxonomy":"category","embeddable":true,"href":"https:\/\/www.oacas.org\/fr\/wp-json\/wp\/v2\/categories?post=9016"},{"taxonomy":"post_tag","embeddable":true,"href":"https:\/\/www.oacas.org\/fr\/wp-json\/wp\/v2\/tags?post=9016"}],"curies":[{"name":"wp","href":"https:\/\/api.w.org\/{rel}","templated":true}]}}