{"id":8199,"date":"2020-10-21T09:30:29","date_gmt":"2020-10-21T13:30:29","guid":{"rendered":"http:\/\/www.oacas.org\/?p=8199"},"modified":"2020-11-16T09:57:14","modified_gmt":"2020-11-16T14:57:14","slug":"iona-sky-sest-recemment-jointe-a-laosae-en-tant-que-directrice-de-la-transformation-de-la-pratique-elle-nous-en-dit-plus-sur-elle-meme-et-son-nouveau-role-dans-la-transformation-du-bien-et","status":"publish","type":"post","link":"https:\/\/www.oacas.org\/fr\/2020\/10\/iona-sky-sest-recemment-jointe-a-laosae-en-tant-que-directrice-de-la-transformation-de-la-pratique-elle-nous-en-dit-plus-sur-elle-meme-et-son-nouveau-role-dans-la-transformation-du-bien-et\/","title":{"rendered":"Iona Sky s\u2019est r\u00e9cemment jointe \u00e0 l&rsquo;AOSAE en tant que directrice de la Transformation de la pratique. Elle nous en dit plus sur elle-m\u00eame et son nouveau r\u00f4le dans la transformation du bien-\u00eatre de l&rsquo;enfance en Ontario."},"content":{"rendered":"<div id=\"attachment_8060\" style=\"width: 238px\" class=\"wp-caption alignright\"><img fetchpriority=\"high\" decoding=\"async\" aria-describedby=\"caption-attachment-8060\" class=\"wp-image-8060\" src=\"http:\/\/www.oacas.org\/wp-content\/uploads\/2020\/10\/iona-sky.png\" alt=\"\" width=\"228\" height=\"266\" \/><p id=\"caption-attachment-8060\" class=\"wp-caption-text\">Photo : E. Farninago (2019)<\/p><\/div>\n<h4><strong>Pouvez-vous nous parler un peu de vous et de la fa\u00e7on dont vous \u00eates arriv\u00e9e dans le secteur du bien-\u00eatre de l&rsquo;enfance?<\/strong><\/h4>\n<p>Comme tout le monde, j&rsquo;ai plusieurs facettes de mon identit\u00e9 qui d\u00e9terminent qui je suis et la perspective que j\u2019apporte dans mon travail du bien-\u00eatre de l&rsquo;enfance. Je suis originaire d&rsquo;Inde, mais en fait, je suis n\u00e9e sur une petite \u00eele du Moyen-Orient appel\u00e9e Bahre\u00efn. J&rsquo;ai d\u00e9m\u00e9nag\u00e9 au Canada quand j&rsquo;\u00e9tais adolescent et je suis maintenant une fi\u00e8re citoyenne canadienne. Je suis aussi m\u00e8re, travailleuse sociale, charg\u00e9e de cours \u00e0 l&rsquo;universit\u00e9, ainsi que consultante et formatrice en mati\u00e8re d&rsquo;\u00e9quit\u00e9 et d&rsquo;inclusion. Donc, le fait d&rsquo;\u00eatre une femme racialis\u00e9e, immigrante et allosexuelle avec des handicaps invisibles a influenc\u00e9 mon approche intersectionnelle du bien-\u00eatre de l&rsquo;enfance et ma passion pour ce travail. J&rsquo;ai commenc\u00e9 \u00e0 travailler dans le domaine du bien-\u00eatre de l&rsquo;enfance apr\u00e8s avoir termin\u00e9 mon baccalaur\u00e9at en travail social. Je pensais rester seulement deux ans, puis passer \u00e0 autre chose. Mais aujourd&rsquo;hui, 20 ans plus tard, je suis toujours l\u00e0. Je continue d&rsquo;aimer ce domaine, parce que je c\u00f4toie des enfants, des jeunes et des familles chaque jour, alors qu&rsquo;ils font face aux plus grands d\u00e9fis et obstacles de leur vie.<\/p>\n<h4><strong>Qu\u2019est-ce que la \u00ab transformation de la pratique \u00bb?<\/strong><\/h4>\n<p>La transformation de la pratique consiste ultimement \u00e0 obtenir de meilleurs r\u00e9sultats pour les enfants, les jeunes et les familles avec lesquels nous travaillons dans tout l&rsquo;Ontario. Il s&rsquo;agit de mettre l&rsquo;accent sur la v\u00e9rit\u00e9 et la r\u00e9conciliation, ainsi que d&rsquo;int\u00e9grer des pratiques fond\u00e9es sur les traumatismes dans une optique d&rsquo;\u00e9quit\u00e9 intersectionnelle dans tout ce que nous faisons. Je me rends compte que c&rsquo;est un jargon tr\u00e8s complexe. Donc, en d&rsquo;autres termes, il s&rsquo;agit de nous assurer que notre travail et nos services du bien-\u00eatre de l&rsquo;enfance sont ancr\u00e9s dans l&rsquo;\u00e9quit\u00e9, ainsi que de veiller \u00e0 ce que chaque enfant et jeune ait les m\u00eames chances de s&rsquo;\u00e9panouir, quelles que soient son identit\u00e9, son origine ou sa situation.<\/p>\n<h4><strong>Pourquoi la pratique du bien-\u00eatre de l\u2019enfance doit-elle se transformer?<\/strong><\/h4>\n<p>Les pratiques du bien-\u00eatre de l&rsquo;enfance sont fond\u00e9es sur des cadres coloniaux, ce qui a entra\u00een\u00e9 un nombre disproportionn\u00e9 d&rsquo;enfants et de jeunes autochtones et noirs dans le syst\u00e8me du bien-\u00eatre de l&rsquo;enfance. Bien que de bons efforts soient d\u00e9ploy\u00e9s dans toute la province pour modifier les pratiques existantes, nous devons continuer \u00e0 nous assurer que toutes les familles ont acc\u00e8s \u00e0 des services et des soutiens \u00e9quitables, peu importe o\u00f9 elles vivent. Nous travaillons avec les familles les plus marginalis\u00e9es de notre soci\u00e9t\u00e9 : des familles qui font face \u00e0 de nombreux obstacles \u00e0 l&rsquo;acc\u00e8s aux services et aux soutiens, sur les plans individuel, organisationnel et syst\u00e9mique. Donc, l&rsquo;id\u00e9e est que gr\u00e2ce \u00e0 la transformation, toutes les familles de l&rsquo;Ontario recevront le plus haut niveau de services qui tiennent compte de leur identit\u00e9, leur culture et leurs coutumes, et sont fond\u00e9s sur les traumatismes et les preuves.<\/p>\n<h4><strong>Qu\u2019est-ce qui vous inspire \u00e0 accomplir ce travail?<\/strong><\/h4>\n<p>Les enfants et les jeunes que je sers m&rsquo;inspirent chaque jour pour accomplir ce travail. Au cours de mon s\u00e9jour dans le secteur, j&rsquo;ai rencontr\u00e9 tant d\u2019enfants et de jeunes forts, dou\u00e9s, r\u00e9silients et aimants qui ont surmont\u00e9 d&rsquo;innombrables obstacles dans leur jeune vie \u2013 tous \u00e9chappant \u00e0 leur contr\u00f4le. Ces jeunes ont courageusement partag\u00e9 ce que c&rsquo;est que de travailler avec nous et comment nous pouvons nous am\u00e9liorer. Ils sont donc la raison pour laquelle je fais ce que je fais. Pour am\u00e9liorer les choses pour eux. L\u00e0 o\u00f9 j&rsquo;ai grandi, nous n&rsquo;avions pas de syst\u00e8me du bien-\u00eatre de l&rsquo;enfance. Et cela m&rsquo;a montr\u00e9 qu\u2019il y a un besoin pour notre travail, mais aussi qu&rsquo;il doit \u00eatre accompli de mani\u00e8re \u00e0 ne pas coloniser davantage les gens et \u00e0 ne pas nuire \u00e0 leur identit\u00e9. Je suis honor\u00e9e de jouer un r\u00f4le dans la poursuite de ces objectifs dans le secteur du bien-\u00eatre de l&rsquo;enfance en Ontario.<\/p>\n<h4><strong>Quels sont les plus grands d\u00e9fis auxquels fait face le secteur du bien-\u00eatre de l\u2019enfance dans ce travail? Comment pourrions-nous les relever?<\/strong><\/h4>\n<p>\u00c0 mon humble avis, les plus grands d\u00e9fis que doit relever le secteur du bien-\u00eatre de l&rsquo;enfance sont ceux de l&rsquo;espoir et de l&rsquo;optimisme. Nous devons \u00eatre les porteurs d&rsquo;espoir pour nous-m\u00eames ainsi que pour les enfants et les jeunes que nous servons. Parce que sans espoir de quelque chose de mieux, nous resterons bloqu\u00e9s dans nos fa\u00e7ons habituelles d\u2019accomplir le travail. C&rsquo;est-\u00e0-dire, les m\u00e9thodes coloniales. Afin de nous transformer, nous devons passer d&rsquo;une mentalit\u00e9 satur\u00e9e de probl\u00e8mes \u00e0 une mentalit\u00e9 de possibilit\u00e9s. Nous devons \u00eatre courageux et pr\u00eats \u00e0 prendre les mesures audacieuses n\u00e9cessaires pour changer nos pratiques et nos services pour les enfants, les jeunes et les familles de notre province. Avec de l&rsquo;espoir, de la bravoure et de l&rsquo;innovation, je crois que tout est possible.<\/p>\n","protected":false},"excerpt":{"rendered":"","protected":false},"author":21,"featured_media":8074,"comment_status":"closed","ping_status":"closed","sticky":false,"template":"","format":"standard","meta":{"footnotes":"","_links_to":"","_links_to_target":""},"categories":[43,34,42,46,57],"tags":[],"class_list":["post-8199","post","type-post","status-publish","format-standard","has-post-thumbnail","hentry","category-agences-daide-a-lenfance","category-en-vedette","category-enfants","category-jeunes","category-responsabilisation"],"_links":{"self":[{"href":"https:\/\/www.oacas.org\/fr\/wp-json\/wp\/v2\/posts\/8199","targetHints":{"allow":["GET"]}}],"collection":[{"href":"https:\/\/www.oacas.org\/fr\/wp-json\/wp\/v2\/posts"}],"about":[{"href":"https:\/\/www.oacas.org\/fr\/wp-json\/wp\/v2\/types\/post"}],"author":[{"embeddable":true,"href":"https:\/\/www.oacas.org\/fr\/wp-json\/wp\/v2\/users\/21"}],"replies":[{"embeddable":true,"href":"https:\/\/www.oacas.org\/fr\/wp-json\/wp\/v2\/comments?post=8199"}],"version-history":[{"count":0,"href":"https:\/\/www.oacas.org\/fr\/wp-json\/wp\/v2\/posts\/8199\/revisions"}],"wp:featuredmedia":[{"embeddable":true,"href":"https:\/\/www.oacas.org\/fr\/wp-json\/wp\/v2\/media\/8074"}],"wp:attachment":[{"href":"https:\/\/www.oacas.org\/fr\/wp-json\/wp\/v2\/media?parent=8199"}],"wp:term":[{"taxonomy":"category","embeddable":true,"href":"https:\/\/www.oacas.org\/fr\/wp-json\/wp\/v2\/categories?post=8199"},{"taxonomy":"post_tag","embeddable":true,"href":"https:\/\/www.oacas.org\/fr\/wp-json\/wp\/v2\/tags?post=8199"}],"curies":[{"name":"wp","href":"https:\/\/api.w.org\/{rel}","templated":true}]}}