{"id":7967,"date":"2022-09-06T14:43:52","date_gmt":"2022-09-06T18:43:52","guid":{"rendered":"http:\/\/www.oacas.org\/?p=7967"},"modified":"2022-09-15T10:57:53","modified_gmt":"2022-09-15T14:57:53","slug":"research-shows-that-broad-kin-networks-are-directly-linked-to-better-outcomes-for-children-and-youth-in-the-child-welfare-system-here-are-5-reasons-why-child-welfare-is-increasingly-collaborating-wi","status":"publish","type":"post","link":"https:\/\/www.oacas.org\/fr\/2022\/09\/research-shows-that-broad-kin-networks-are-directly-linked-to-better-outcomes-for-children-and-youth-in-the-child-welfare-system-here-are-5-reasons-why-child-welfare-is-increasingly-collaborating-wi\/","title":{"rendered":"Les recherches* montrent que de vastes r\u00e9seaux de proches sont directement li\u00e9s \u00e0 de meilleurs r\u00e9sultats pour les enfants et les jeunes dans le syst\u00e8me du bien-\u00eatre de l&rsquo;enfance. Voici 5 raisons pour lesquelles les services du bien-\u00eatre de l&rsquo;enfance collaborent de plus en plus avec les membres de la communaut\u00e9 pour assurer la s\u00e9curit\u00e9 des enfants et des jeunes"},"content":{"rendered":"<div id=\"pl-6239\" class=\"panel-layout\">\n<div id=\"pg-6239-0\" class=\"panel-grid panel-has-style\" data-style=\"{&quot;row_css&quot;:&quot;margin-bottom:-35px !important;&quot;,&quot;background_image_attachment&quot;:false,&quot;background_display&quot;:&quot;tile&quot;,&quot;cell_alignment&quot;:&quot;flex-start&quot;}\">\n<div class=\"panel-row-style panel-row-style-for-6239-0\">\n<div id=\"pgc-6239-0-0\" class=\"panel-grid-cell\" data-weight=\"1\">\n<div id=\"panel-6239-0-0-0\" class=\"so-panel widget widget_sow-editor panel-first-child panel-last-child\" data-index=\"0\" data-style=\"{&quot;background_image_attachment&quot;:false,&quot;background_display&quot;:&quot;tile&quot;}\">\n<div class=\"so-widget-sow-editor so-widget-sow-editor-base\">\n<div class=\"siteorigin-widget-tinymce textwidget\"><img fetchpriority=\"high\" decoding=\"async\" class=\"aligncenter wp-image-7966\" src=\"http:\/\/www.oacas.org\/wp-content\/uploads\/2020\/09\/aam-logo-permanency-page-banner-fr_kin_white-bkgd-twr.png\" alt=\"\" width=\"699\" height=\"288\" srcset=\"https:\/\/www.oacas.org\/wp-content\/uploads\/2020\/09\/aam-logo-permanency-page-banner-fr_kin_white-bkgd-twr.png 1500w, https:\/\/www.oacas.org\/wp-content\/uploads\/2020\/09\/aam-logo-permanency-page-banner-fr_kin_white-bkgd-twr-768x316.png 768w\" sizes=\"(max-width: 699px) 100vw, 699px\" \/><\/div>\n<\/div>\n<\/div>\n<\/div>\n<\/div>\n<\/div>\n<div id=\"pg-6239-1\" class=\"panel-grid panel-has-style\" data-style=\"{&quot;row_css&quot;:&quot;margin-bottom:-20px !important;&quot;,&quot;background_image_attachment&quot;:false,&quot;background_display&quot;:&quot;tile&quot;,&quot;cell_alignment&quot;:&quot;flex-start&quot;}\">\n<div class=\"panel-row-style panel-row-style-for-6239-1\">\n<div id=\"pgc-6239-1-0\" class=\"panel-grid-cell\" data-weight=\"0.1\">\n<div id=\"panel-6239-1-0-0\" class=\"so-panel widget widget_sow-editor panel-first-child panel-last-child\" data-index=\"1\" data-style=\"{&quot;background_image_attachment&quot;:false,&quot;background_display&quot;:&quot;tile&quot;}\">\n<div class=\"so-widget-sow-editor so-widget-sow-editor-base\">\n<div class=\"siteorigin-widget-tinymce textwidget\"><span style=\"font-size: 5rem; color: #289388; line-height: 1;\">1<\/span><\/div>\n<\/div>\n<\/div>\n<\/div>\n<div id=\"pgc-6239-1-1\" class=\"panel-grid-cell\" data-weight=\"0.9\">\n<div id=\"panel-6239-1-1-0\" class=\"so-panel widget widget_sow-editor panel-first-child panel-last-child\" data-index=\"2\" data-style=\"{&quot;background_image_attachment&quot;:false,&quot;background_display&quot;:&quot;tile&quot;}\">\n<div class=\"so-widget-sow-editor so-widget-sow-editor-base\">\n<div class=\"siteorigin-widget-tinymce textwidget\"><span style=\"font-weight: bold; color: #289388;\">Les enfants et les jeunes pris en charge par le syst\u00e8me du bien-\u00eatre de l&rsquo;enfance ont vraiment \u00e0 c\u0153ur<\/span>\u00a0les adultes dans leurs r\u00e9seaux \u00e9largis \u2013 qu&rsquo;ils aient ou non un lien de parent\u00e9 avec eux. Une <a href=\"https:\/\/escholarship.org\/content\/qt1fj0d6j1\/qt1fj0d6j1.pdf\">\u00e9tude de recherche<\/a>\u00a0r\u00e9v\u00e8le que les enfants vivant en famille d&rsquo;accueil sont profond\u00e9ment conscients du pouvoir de ces r\u00e9seaux \u2013 bien plus que les enfants et les jeunes qui ne sont pas pris en charge.<\/div>\n<\/div>\n<\/div>\n<\/div>\n<\/div>\n<\/div>\n<div id=\"pg-6239-2\" class=\"panel-grid panel-has-style\" data-style=\"{&quot;row_css&quot;:&quot;margin-bottom:-20px !important;&quot;,&quot;background_image_attachment&quot;:false,&quot;background_display&quot;:&quot;tile&quot;,&quot;cell_alignment&quot;:&quot;flex-start&quot;}\">\n<div class=\"panel-row-style panel-row-style-for-6239-2\">\n<div id=\"pgc-6239-2-0\" class=\"panel-grid-cell\" data-weight=\"0.1\">\n<div id=\"panel-6239-2-0-0\" class=\"so-panel widget widget_sow-editor panel-first-child panel-last-child\" data-index=\"3\" data-style=\"{&quot;background_image_attachment&quot;:false,&quot;background_display&quot;:&quot;tile&quot;}\">\n<div class=\"so-widget-sow-editor so-widget-sow-editor-base\">\n<div class=\"siteorigin-widget-tinymce textwidget\"><span style=\"font-size: 5rem; color: #289388; line-height: 1;\">2<\/span><\/div>\n<\/div>\n<\/div>\n<\/div>\n<div id=\"pgc-6239-2-1\" class=\"panel-grid-cell\" data-weight=\"0.9\">\n<div id=\"panel-6239-2-1-0\" class=\"so-panel widget widget_sow-editor panel-first-child panel-last-child\" data-index=\"4\" data-style=\"{&quot;background_image_attachment&quot;:false,&quot;background_display&quot;:&quot;tile&quot;}\">\n<div class=\"so-widget-sow-editor so-widget-sow-editor-base\">\n<div class=\"siteorigin-widget-tinymce textwidget\"><span style=\"font-weight: bold; color: #289388;\">Les enfants et les jeunes sont plus s\u00fbrs et plus heureux <\/span>lorsque des r\u00e9seaux de proches \u00e9largis sont engag\u00e9s dans leur vie. Une <a href=\"https:\/\/www.ncbi.nlm.nih.gov\/pmc\/articles\/PMC4439201\/\">\u00e9tude de recherche<\/a>\u00a0portant sp\u00e9cifiquement sur les mentors adultes de l\u2019ext\u00e9rieur de la famille nucl\u00e9aire a r\u00e9v\u00e9l\u00e9 qu&rsquo;ils offrent des avantages de protection uniques. Une\u00a0<a href=\"https:\/\/onlinelibrary.wiley.com\/doi\/abs\/10.1111\/j.1532-7795.2008.00548.x\">recherche<\/a>\u00a0montre aussi que les r\u00e9seaux de proches \u00e9largis sont li\u00e9s \u00e0 une diminution de l&rsquo;anxi\u00e9t\u00e9, de la consommation de substances et des comportements antisociaux chez les enfants et les jeunes. L&rsquo;impact protecteur des r\u00e9seaux de proches \u00e9largis a aussi \u00e9t\u00e9 <a href=\"https:\/\/journals.sagepub.com\/doi\/abs\/10.1177\/1077559516669043\">\u00e9tudi\u00e9<\/a>\u00a0chez les enfants et les jeunes pris en charge. Les constatations de l&rsquo;\u00e9tude montrent que les proches jouent un r\u00f4le important dans la r\u00e9duction de l&rsquo;impact des mauvais traitements et des traumatismes subis par les enfants et les jeunes lorsqu&rsquo;ils sont pris en charge pour la premi\u00e8re fois.<\/div>\n<\/div>\n<\/div>\n<\/div>\n<\/div>\n<\/div>\n<div id=\"pg-6239-3\" class=\"panel-grid panel-has-style\" data-style=\"{&quot;row_css&quot;:&quot;margin-bottom:-20px !important;&quot;,&quot;background_image_attachment&quot;:false,&quot;background_display&quot;:&quot;tile&quot;,&quot;cell_alignment&quot;:&quot;flex-start&quot;}\">\n<div class=\"panel-row-style panel-row-style-for-6239-3\">\n<div id=\"pgc-6239-3-0\" class=\"panel-grid-cell\" data-weight=\"0.1\">\n<div id=\"panel-6239-3-0-0\" class=\"so-panel widget widget_sow-editor panel-first-child panel-last-child\" data-index=\"5\" data-style=\"{&quot;background_image_attachment&quot;:false,&quot;background_display&quot;:&quot;tile&quot;}\">\n<div class=\"so-widget-sow-editor so-widget-sow-editor-base\">\n<div class=\"siteorigin-widget-tinymce textwidget\"><span style=\"font-size: 5rem; color: #289388; line-height: 1;\">3<\/span><\/div>\n<\/div>\n<\/div>\n<\/div>\n<div id=\"pgc-6239-3-1\" class=\"panel-grid-cell\" data-weight=\"0.9\">\n<div id=\"panel-6239-3-1-0\" class=\"so-panel widget widget_sow-editor panel-first-child panel-last-child\" data-index=\"6\" data-style=\"{&quot;background_image_attachment&quot;:false,&quot;background_display&quot;:&quot;tile&quot;}\">\n<div class=\"so-widget-sow-editor so-widget-sow-editor-base\">\n<div class=\"siteorigin-widget-tinymce textwidget\">\n<p>Les membres de la communaut\u00e9 qu\u2019un enfant ou un jeune conna\u00eet (aussi parfois appel\u00e9s \u00ab kith \u00bb en anglais) peuvent \u00eatre d&rsquo;excellentes personnes principalement responsables lorsque les enfants et les jeunes ne peuvent pas vivre avec leur famille. Mais les recherches montrent que <span style=\"font-weight: bold; color: #289388;\">les actes de soutien occasionnels et informels ont aussi un impact positif puissant<\/span>\u00a0sur les enfants et les jeunes qui ne peuvent pas vivre avec leur famille.\u00a0<a href=\"https:\/\/onlinelibrary.wiley.com\/doi\/abs\/10.1111\/fare.12340\">Une \u00e9tude de recherche<\/a>\u00a0a mesur\u00e9 les effets du soutien informel comme les visites, les appels t\u00e9l\u00e9phoniques et le tutorat pour les enfants et les jeunes pris en charge et, en se fondant sur des r\u00e9sultats positifs, elle revendique un \u00ab changement dans les pratiques actuelles du bien-\u00eatre de l&rsquo;enfance parce que l&rsquo;engagement de la famille \u00e9largie non gardienne et des proches fictifs (aussi appel\u00e9s <em>membres de la communaut\u00e9<\/em>) n&rsquo;est pas une priorit\u00e9 dans le domaine. \u00bb<\/p>\n<\/div>\n<\/div>\n<\/div>\n<\/div>\n<\/div>\n<\/div>\n<div id=\"pg-6239-4\" class=\"panel-grid panel-has-style\" data-style=\"{&quot;row_css&quot;:&quot;margin-bottom:-20px !important;&quot;,&quot;background_image_attachment&quot;:false,&quot;background_display&quot;:&quot;tile&quot;,&quot;cell_alignment&quot;:&quot;flex-start&quot;}\">\n<div class=\"panel-row-style panel-row-style-for-6239-4\">\n<div id=\"pgc-6239-4-0\" class=\"panel-grid-cell\" data-weight=\"0.1\">\n<div id=\"panel-6239-4-0-0\" class=\"so-panel widget widget_sow-editor panel-first-child panel-last-child\" data-index=\"7\" data-style=\"{&quot;background_image_attachment&quot;:false,&quot;background_display&quot;:&quot;tile&quot;}\">\n<div class=\"so-widget-sow-editor so-widget-sow-editor-base\">\n<div class=\"siteorigin-widget-tinymce textwidget\"><span style=\"font-size: 5rem; color: #289388; line-height: 1;\">4<\/span><\/div>\n<\/div>\n<\/div>\n<\/div>\n<div id=\"pgc-6239-4-1\" class=\"panel-grid-cell\" data-weight=\"0.9\">\n<div id=\"panel-6239-4-1-0\" class=\"so-panel widget widget_sow-editor panel-first-child panel-last-child\" data-index=\"8\" data-style=\"{&quot;background_image_attachment&quot;:false,&quot;background_display&quot;:&quot;tile&quot;}\">\n<div class=\"so-widget-sow-editor so-widget-sow-editor-base\">\n<div class=\"siteorigin-widget-tinymce textwidget\"><span style=\"font-weight: bold; color: #289388;\"><strong>De vastes r\u00e9seaux de proches am\u00e9liorent aussi les r\u00e9sultats<\/strong><\/span> pour les enfants et les jeunes pris en charge, parce qu\u2019ils offrent un r\u00e9pit inestimable \u00e0 la personne principalement responsable temporaire de l&rsquo;enfant, que ce soit un parent d\u2019accueil ou un parent proche qui est intervenu. Nous n\u2019avons pas besoin d\u2019une\u00a0<a href=\"https:\/\/onlinelibrary.wiley.com\/doi\/abs\/10.1111\/cfs.12036\">recherche<\/a>\u00a0pour savoir qu&rsquo;une personne responsable aid\u00e9e est un meilleur parent. Mais les r\u00e9seaux de proches qui soutiennent la personne principalement responsable sont aussi li\u00e9s \u00e0 la stabilit\u00e9 du placement des enfants et des jeunes. Une \u00e9tude de\u00a0<a href=\"https:\/\/academic.oup.com\/swr\/article-abstract\/27\/3\/135\/1632810\">recherche<\/a>\u00a0montre que lorsque le r\u00e9seau \u00e9largi soutient la personne principalement responsable par des services comme le transport et la garde d\u2019enfants, elle risque moins d\u2019\u00eatre submerg\u00e9e et de d\u00e9missionner.<\/div>\n<\/div>\n<\/div>\n<\/div>\n<\/div>\n<\/div>\n<div id=\"pg-6239-5\" class=\"panel-grid panel-no-style\" data-style=\"{&quot;background_image_attachment&quot;:false,&quot;background_display&quot;:&quot;tile&quot;,&quot;cell_alignment&quot;:&quot;flex-start&quot;}\">\n<div id=\"pgc-6239-5-0\" class=\"panel-grid-cell\" data-weight=\"0.1\">\n<div id=\"panel-6239-5-0-0\" class=\"so-panel widget widget_sow-editor panel-first-child panel-last-child\" data-index=\"9\" data-style=\"{&quot;background_image_attachment&quot;:false,&quot;background_display&quot;:&quot;tile&quot;}\">\n<div class=\"so-widget-sow-editor so-widget-sow-editor-base\">\n<div class=\"siteorigin-widget-tinymce textwidget\"><span style=\"font-size: 5rem; color: #289388; line-height: 1;\">5<\/span><\/div>\n<\/div>\n<\/div>\n<\/div>\n<div id=\"pgc-6239-5-1\" class=\"panel-grid-cell\" data-weight=\"0.9\">\n<div id=\"panel-6239-5-1-0\" class=\"so-panel widget widget_sow-editor panel-first-child panel-last-child\" data-index=\"10\" data-style=\"{&quot;background_image_attachment&quot;:false,&quot;background_display&quot;:&quot;tile&quot;}\">\n<div class=\"so-widget-sow-editor so-widget-sow-editor-base\">\n<div class=\"siteorigin-widget-tinymce textwidget\"><span style=\"font-weight: bold; color: #289388;\"><strong>De vastes r\u00e9seaux de proches sont <\/strong><a href=\"https:\/\/www.jstor.org\/stable\/41601087\"><strong>forts et tr\u00e8s valoris\u00e9s<\/strong><\/a><strong> dans de nombreuses communaut\u00e9s racialis\u00e9es et ethniques<\/strong><\/span>, ainsi que dans les communaut\u00e9s autochtones. Compte tenu de la surrepr\u00e9sentation connue des enfants et des jeunes autochtones et afro-canadiens dans le syst\u00e8me du bien-\u00eatre de l&rsquo;enfance de l&rsquo;Ontario, l\u2019<a href=\"https:\/\/www.oacas.org\/fr\/2017\/11\/4-things-you-should-know-about-the-child-welfare-sectors-commitments-to-reconciliation\/\">Appel \u00e0 l\u2019action<\/a>\u00a0ainsi que les pratiques d\u2019\u00e9quit\u00e9 raciale d\u2019<a href=\"https:\/\/www.oacas.org\/fr\/ce-que-nous-faisons\/unevisionunevoix\/\">Une vision une voix : Changer le syst\u00e8me du bien-\u00eatre de l\u2019enfance pour les Afro-Canadiensne<\/a>\u00a0ont recommand\u00e9 de placer les enfants et les jeunes autochtones et noirs dans leurs r\u00e9seaux de proches au sein de leur communaut\u00e9.<\/div>\n<\/div>\n<\/div>\n<\/div>\n<\/div>\n<div id=\"pg-6239-6\" class=\"panel-grid panel-no-style\" data-style=\"{&quot;background_image_attachment&quot;:false,&quot;background_display&quot;:&quot;tile&quot;,&quot;cell_alignment&quot;:&quot;flex-start&quot;}\">\n<div id=\"pgc-6239-6-0\" class=\"panel-grid-cell\" data-weight=\"1\">\n<div id=\"panel-6239-6-0-0\" class=\"so-panel widget widget_sow-editor panel-first-child panel-last-child\" data-index=\"11\" data-style=\"{&quot;background_image_attachment&quot;:false,&quot;background_display&quot;:&quot;tile&quot;}\">\n<div class=\"so-widget-sow-editor so-widget-sow-editor-base\">\n<div class=\"siteorigin-widget-tinymce textwidget\">\n<p>*Le personnel des SAE a acc\u00e8s \u00e0 de nombreux articles de revues sp\u00e9cialis\u00e9es mentionn\u00e9s dans cet article, gr\u00e2ce \u00e0 leur abonnement \u00e0 la base de donn\u00e9es de la biblioth\u00e8que de l&rsquo;AOSAE. Veuillez communiquer avec <a href=\"mailto:bclarke@oacas.org\">Brynn Clarke<\/a> pour obtenir plus d&rsquo;information \u00e0 ce sujet.\u00a0La source principale de cet article \u00e9tait : Leon, S. C. et Dickson, D. A. (2019). \u00ab The Impact of Kinship Networks on Foster Care Children&rsquo;s Outcomes. \u00bb\u00a0<em>Family Relations, 68<\/em>(2), 169\u2011184.\u00a0<a href=\"https:\/\/doi.org\/10.1111\/fare.12340\">https:\/\/doi.org\/10.1111\/fare.12340<\/a><\/p>\n<\/div>\n<\/div>\n<\/div>\n<\/div>\n<\/div>\n<\/div>\n","protected":false},"excerpt":{"rendered":"","protected":false},"author":21,"featured_media":8081,"comment_status":"closed","ping_status":"closed","sticky":false,"template":"","format":"standard","meta":{"footnotes":"","_links_to":"","_links_to_target":""},"categories":[105,42,58,44,102],"tags":[],"class_list":["post-7967","post","type-post","status-publish","format-standard","has-post-thumbnail","hentry","category-adoption-fr","category-enfants","category-familles-afro-canadiennes","category-permanence","category-placement-chez-un-proche"],"_links":{"self":[{"href":"https:\/\/www.oacas.org\/fr\/wp-json\/wp\/v2\/posts\/7967","targetHints":{"allow":["GET"]}}],"collection":[{"href":"https:\/\/www.oacas.org\/fr\/wp-json\/wp\/v2\/posts"}],"about":[{"href":"https:\/\/www.oacas.org\/fr\/wp-json\/wp\/v2\/types\/post"}],"author":[{"embeddable":true,"href":"https:\/\/www.oacas.org\/fr\/wp-json\/wp\/v2\/users\/21"}],"replies":[{"embeddable":true,"href":"https:\/\/www.oacas.org\/fr\/wp-json\/wp\/v2\/comments?post=7967"}],"version-history":[{"count":0,"href":"https:\/\/www.oacas.org\/fr\/wp-json\/wp\/v2\/posts\/7967\/revisions"}],"wp:featuredmedia":[{"embeddable":true,"href":"https:\/\/www.oacas.org\/fr\/wp-json\/wp\/v2\/media\/8081"}],"wp:attachment":[{"href":"https:\/\/www.oacas.org\/fr\/wp-json\/wp\/v2\/media?parent=7967"}],"wp:term":[{"taxonomy":"category","embeddable":true,"href":"https:\/\/www.oacas.org\/fr\/wp-json\/wp\/v2\/categories?post=7967"},{"taxonomy":"post_tag","embeddable":true,"href":"https:\/\/www.oacas.org\/fr\/wp-json\/wp\/v2\/tags?post=7967"}],"curies":[{"name":"wp","href":"https:\/\/api.w.org\/{rel}","templated":true}]}}