{"id":7312,"date":"2020-06-08T10:13:15","date_gmt":"2020-06-08T14:13:15","guid":{"rendered":"http:\/\/www.oacas.org\/?p=7312"},"modified":"2020-06-08T10:13:15","modified_gmt":"2020-06-08T14:13:15","slug":"reflexions-personnelles-de-nicole-bonnie-chef-de-la-direction-de-laosae-sur-les-evenements-recents-et-le-racisme-systemique","status":"publish","type":"post","link":"https:\/\/www.oacas.org\/fr\/2020\/06\/reflexions-personnelles-de-nicole-bonnie-chef-de-la-direction-de-laosae-sur-les-evenements-recents-et-le-racisme-systemique\/","title":{"rendered":"R\u00e9flexions personnelles de Nicole Bonnie, chef de la direction de l&rsquo;AOSAE, sur les \u00e9v\u00e9nements r\u00e9cents et le racisme syst\u00e9mique"},"content":{"rendered":"<p>J&rsquo;ai men\u00e9 une profonde r\u00e9flexion personnelle durant quelques jours et j&rsquo;\u00e9cris aujourd&rsquo;hui le c\u0153ur gros. Les \u00e9v\u00e9nements r\u00e9cents et en cours aux \u00c9tats-Unis, ainsi que ceux qui se d\u00e9roulent ici \u00e0 Toronto, impliquant la police et des Noirs, m&rsquo;attristent profond\u00e9ment. En tant que leader et femme noire, ainsi que membre de la communaut\u00e9 noire, et membre d\u2019une famille noire, je suis solidaire de ma communaut\u00e9, des professionnels noirs du bien-\u00eatre de l&rsquo;enfance ainsi que de tous nos alli\u00e9s, alors que nous traversons ces temps difficiles. Il est plus \u00e9vident que jamais que nous devons d\u00e9manteler l&rsquo;oppression et le racisme \u2013 particuli\u00e8rement le racisme envers les Noirs et envers les Autochtones \u2013 si nous esp\u00e9rons am\u00e9liorer les r\u00e9sultats des familles dans le syst\u00e8me du bien-\u00eatre de l&rsquo;enfance.<\/p>\n<p>L&rsquo;action de protestation qui se d\u00e9roule actuellement en Am\u00e9rique du Nord est l&rsquo;aboutissement de plusieurs g\u00e9n\u00e9rations de violence syst\u00e9mique et de traumatismes pour la communaut\u00e9 noire. En absorbant les nouvelles et en pensant \u00e0 ces \u00e9v\u00e9nements, j&rsquo;ai r\u00e9fl\u00e9chi au syst\u00e8me dont nous avons h\u00e9rit\u00e9 et \u00e0 l\u2019impact que nous avons en tant que syst\u00e8me du bien-\u00eatre de l&rsquo;enfance. Depuis plusieurs ann\u00e9es, nous recevons des commentaires honn\u00eates de la part des enfants, des jeunes et des familles que nous servons, ainsi que du personnel noir de nos agences, sur ce qui doit changer. Je reconnais les \u00e9tapes que nous avons franchies gr\u00e2ce au travail d\u2019<a href=\"https:\/\/www.oacas.org\/fr\/ce-que-nous-faisons\/unevisionunevoix\/\">Une vision une voix<\/a>, mais il nous reste encore beaucoup \u00e0 accomplir, et cela n\u00e9cessitera le travail intentionnel d&rsquo;alli\u00e9s engag\u00e9s. En reconnaissant l&rsquo;impact individuel et collectif des traumatismes, nous devons aussi \u00eatre attentifs et sensibles aux besoins des enfants, des jeunes, des familles, du personnel et de la communaut\u00e9 noirs durant cette p\u00e9riode, ainsi que nous assurer qu&rsquo;ils sont appuy\u00e9s de fa\u00e7on holistique. Informez-vous aupr\u00e8s d\u2019eux. Ayez des conversations avec eux pour vous assurer qu&rsquo;ils ont eux aussi une voix et de l&rsquo;aide durant cette p\u00e9riode.<\/p>\n<p>Le syst\u00e8me actuel du bien-\u00eatre de l\u2019enfance n&rsquo;a pas \u00e9t\u00e9 con\u00e7u pour les personnes les plus marginalis\u00e9es que nous servons, et nous devons donc nous engager \u00e0 nouveau \u00e0 le restaurer. Nous devons r\u00e9examiner nos politiques, nos pratiques, nos cultures de travail ainsi que les structures m\u00eames au sein desquelles nous travaillons afin d\u2019assurer de meilleurs r\u00e9sultats pour les familles, les enfants et les jeunes noirs et des Premi\u00e8res nations, Inuits et M\u00e9tis. Nous devons aussi nous retourner vers l\u2019int\u00e9rieur, en tant que personnes, ainsi que renforcer notre capacit\u00e9 et nos comp\u00e9tences pour nous d\u00e9faire de nos propres opinions racistes et oppressives. Nous devons tenir des conversations difficiles avec nos coll\u00e8gues et les familles que nous servons. Nous devons engager efficacement les membres de la communaut\u00e9 dans les moyens de lutter contre le racisme envers les Noirs et envers les Autochtones dans tous les aspects de notre vie. Et alors que nous entreprenons le mois de la Fiert\u00e9, nous devons aussi nous souvenir de l&rsquo;impact intersectionnel de l&rsquo;oppression ainsi que de la violence et de la peur additionnelles qu&rsquo;elle engendre, qui conduisent \u00e0 une marginalisation et un isolement accrus.<\/p>\n<p>Les soci\u00e9t\u00e9s d&rsquo;aide \u00e0 l&rsquo;enfance de tout l&rsquo;Ontario sont d\u00e9j\u00e0 \u00e0 l\u2019\u0153uvre pour r\u00e9soudre un grand nombre de ces probl\u00e8mes. Et je tiens \u00e0 les remercier personnellement pour leur leadership. Ce travail n&rsquo;est pas facile, et il n&rsquo;est jamais parfait, mais il doit \u00eatre fait. \u00c0 l&rsquo;AOSAE, nous prenons le temps de r\u00e9fl\u00e9chir, de planifier et d&rsquo;agir en ce qui a trait aux moyens de continuer \u00e0 faire progresser le travail.<\/p>\n<p>Les organismes et les leaders ont eux aussi besoin de leurs partenaires, et je suis rassur\u00e9e de savoir que nous travaillons en \u00e9troite collaboration avec nos membres, l&rsquo;ANCFSAO, diverses parties prenantes noires ainsi que le conseil d&rsquo;administration de l&rsquo;AOSAE.<\/p>\n<p>Je vous remercie et vous demande de prendre soin de vous, de vos coll\u00e8gues et de vos proches.<\/p>\n<p>Cordialement,<\/p>\n<p>Nicole Bonnie<br \/>\nChef de la direction<br \/>\nAOSAE<\/p>\n","protected":false},"excerpt":{"rendered":"","protected":false},"author":21,"featured_media":6976,"comment_status":"closed","ping_status":"closed","sticky":false,"template":"","format":"standard","meta":{"footnotes":"","_links_to":"","_links_to_target":""},"categories":[43,34,58,109,57,32],"tags":[],"class_list":["post-7312","post","type-post","status-publish","format-standard","has-post-thumbnail","hentry","category-agences-daide-a-lenfance","category-en-vedette","category-familles-afro-canadiennes","category-message-du-pdg","category-responsabilisation","category-services-aux-autochtones"],"_links":{"self":[{"href":"https:\/\/www.oacas.org\/fr\/wp-json\/wp\/v2\/posts\/7312","targetHints":{"allow":["GET"]}}],"collection":[{"href":"https:\/\/www.oacas.org\/fr\/wp-json\/wp\/v2\/posts"}],"about":[{"href":"https:\/\/www.oacas.org\/fr\/wp-json\/wp\/v2\/types\/post"}],"author":[{"embeddable":true,"href":"https:\/\/www.oacas.org\/fr\/wp-json\/wp\/v2\/users\/21"}],"replies":[{"embeddable":true,"href":"https:\/\/www.oacas.org\/fr\/wp-json\/wp\/v2\/comments?post=7312"}],"version-history":[{"count":0,"href":"https:\/\/www.oacas.org\/fr\/wp-json\/wp\/v2\/posts\/7312\/revisions"}],"wp:featuredmedia":[{"embeddable":true,"href":"https:\/\/www.oacas.org\/fr\/wp-json\/wp\/v2\/media\/6976"}],"wp:attachment":[{"href":"https:\/\/www.oacas.org\/fr\/wp-json\/wp\/v2\/media?parent=7312"}],"wp:term":[{"taxonomy":"category","embeddable":true,"href":"https:\/\/www.oacas.org\/fr\/wp-json\/wp\/v2\/categories?post=7312"},{"taxonomy":"post_tag","embeddable":true,"href":"https:\/\/www.oacas.org\/fr\/wp-json\/wp\/v2\/tags?post=7312"}],"curies":[{"name":"wp","href":"https:\/\/api.w.org\/{rel}","templated":true}]}}