{"id":4052,"date":"2017-11-16T13:50:45","date_gmt":"2017-11-16T18:50:45","guid":{"rendered":"http:\/\/www.oacas.org\/?p=4052"},"modified":"2017-11-16T13:50:45","modified_gmt":"2017-11-16T18:50:45","slug":"journee-passez-au-mauve-2017-laosae-et-les-sae-travaillent-avec-les-ecoles-pour-accroitre-la-sensibilisation-au-sujet-de-la-prevention-des-mauvais-traitements-a-legard-des-enfants","status":"publish","type":"post","link":"https:\/\/www.oacas.org\/fr\/2017\/11\/journee-passez-au-mauve-2017-laosae-et-les-sae-travaillent-avec-les-ecoles-pour-accroitre-la-sensibilisation-au-sujet-de-la-prevention-des-mauvais-traitements-a-legard-des-enfants\/","title":{"rendered":"JOURN\u00c9E PASSEZ AU MAUVE 2017 : L\u2019AOSAE et les SAE travaillent avec les \u00e9coles pour accro\u00eetre la sensibilisation au sujet de la pr\u00e9vention des mauvais traitements \u00e0 l\u2019\u00e9gard des enfants"},"content":{"rendered":"<img fetchpriority=\"high\" decoding=\"async\" class=\"alignnone size-full wp-image-3950\" src=\"http:\/\/www.oacas.org\/wp-content\/uploads\/2017\/10\/purpleday-2017-collage-v1-web.jpg\" alt=\"\" width=\"1200\" height=\"684\" \/>\n<p>Le 24 octobre 2017, l\u2019AOSAE, les soci\u00e9t\u00e9s d\u2019aide \u00e0 l\u2019enfance (SAE) et des partenaires cl\u00e9s ont marqu\u00e9 le Mois de la pr\u00e9vention du mauvais traitement des enfants en tenant une JOURN\u00c9E PASSEZ AU MAUVE provinciale, afin d\u2019accro\u00eetre la sensibilisation relativement au fait qu\u2019il faut un village pour prot\u00e9ger les enfants. Cliquez sur les mots-clics Twitter de la campagne <a href=\"https:\/\/twitter.com\/search?q=%23IBREAKtheSilence&amp;src=typd\">#jeBRISElesilence<\/a> et <a href=\"https:\/\/twitter.com\/search?q=%23SpeakUp4Kids&amp;src=tyah\">#D\u00e9fendrelesenfants<\/a> pour voir la vague mauve d\u2019enthousiasme qui a balay\u00e9 la province.<\/p>\n<p>La campagne de cette ann\u00e9e, qui est le 25<sup>e<\/sup> anniversaire de la campagne du ruban mauve, a atteint une plus grande participation avec un nombre de participants plus \u00e9lev\u00e9 que par les ann\u00e9es pass\u00e9es. Octobre a \u00e9t\u00e9 officiellement proclam\u00e9 le Mois de la pr\u00e9vention du mauvais traitement des enfants \u00e0 l\u2019Assembl\u00e9e l\u00e9gislative de l\u2019Ontario, gr\u00e2ce \u00e0 l\u2019adoption du projet de loi\u00a0170, et l\u2019honorable Michael Coteau, ministre des Services \u00e0 l\u2019enfance et \u00e0 la jeunesse, et ministre responsable de la Direction g\u00e9n\u00e9rale de l\u2019action contre le racisme, a enfil\u00e9 le t-shirt PASSEZ AU MAUVE et a parl\u00e9 \u00e0 des enfants de 5<sup>e<\/sup> ann\u00e9e \u00e0 la <em>Cassandra Public School <\/em>de Toronto au sujet de ce que cela signifie d\u2019avoir un \u00ab village \u00bb pour assurer leur s\u00e9curit\u00e9.<\/p>\n<p>En r\u00e9ponse aux recommandations des enqu\u00eates relatives aux d\u00e9c\u00e8s de Jeffrey Baldwin et de Katelynn Sampson, l\u2019AOSAE et les SAE ont fait de gros progr\u00e8s en accentuant leur engagement et leur collaboration avec les \u00e9coles, afin d\u2019accro\u00eetre la sensibilisation au sujet de la pr\u00e9vention des mauvais traitements \u00e0 l\u2019\u00e9gard des enfants. Bien au-del\u00e0 de 300 \u00e9coles et 37 conseils scolaires ont particip\u00e9 \u00e0 la JOURN\u00c9E PASSEZ AU MAUVE. Les recommandations des enqu\u00eates incluaient le besoin d\u2019\u00e9laborer un programme appropri\u00e9 \u00e0 l\u2019\u00e2ge pour \u00e9duquer les \u00e9l\u00e8ves relativement aux mauvais traitements et \u00e0 la n\u00e9gligence \u00e0 l\u2019\u00e9gard des enfants, l\u2019accroissement de la sensibilisation du personnel des \u00e9coles et du public au devoir de faire rapport, ainsi que l\u2019appui de projets de collaboration entre les SAE et les conseils scolaires.<\/p>\n<p>Les \u00e9coles de la province ont aussi utilis\u00e9 des ressources pour la classe sp\u00e9cialis\u00e9es qui ont \u00e9t\u00e9 \u00e9labor\u00e9es par l\u2019AOSAE, en collaboration avec le <em>Boost Child &amp; Youth Advocacy Centre<\/em> et la SAE de Windsor-Essex, afin d\u2019aider les enseignants \u00e0 s\u2019engager dans des discussions concernant la s\u00e9curit\u00e9 et le mieux-\u00eatre avec les \u00e9l\u00e8ves de la pr\u00e9maternelle \u00e0 la 5<sup>e<\/sup>\u00a0ann\u00e9e.<\/p>\n<p>M\u00eame la Tour CN, un symbole provincial, a d\u00e9montr\u00e9 son soutien en s\u2019illuminant en mauve la veille de la JOURN\u00c9E PASSEZ AU MAUVE. L\u2019AOSAE et ses partenaires remercient toutes les personnes qui ont fait de la campagne de cette ann\u00e9e un succ\u00e8s.<\/p>\n<div class=\"simple \" style=\"background-color:#F5F5F5; color:#333333;\"><div class=\"inner-padding\">\n<img decoding=\"async\" class=\"wp-image-3960 aligncenter\" src=\"http:\/\/www.oacas.org\/wp-content\/uploads\/2017\/10\/Minister-Dress-Purple.jpg\" alt=\"\" width=\"726\" height=\"545\" srcset=\"https:\/\/www.oacas.org\/wp-content\/uploads\/2017\/10\/Minister-Dress-Purple.jpg 1632w, https:\/\/www.oacas.org\/wp-content\/uploads\/2017\/10\/Minister-Dress-Purple-300x225.jpg 300w, https:\/\/www.oacas.org\/wp-content\/uploads\/2017\/10\/Minister-Dress-Purple-768x576.jpg 768w, https:\/\/www.oacas.org\/wp-content\/uploads\/2017\/10\/Minister-Dress-Purple-1024x768.jpg 1024w\" sizes=\"(max-width: 726px) 100vw, 726px\" \/>\n<p>L\u2019honorable Michael Coteau demande aux jeunes de la <em>Cassandra Public School<\/em> ce qui constitue un village. Enseignants, directeurs, parents\u2026 tout le monde contribue \u00e0 assurer la s\u00e9curit\u00e9 des enfants <a href=\"https:\/\/twitter.com\/search?q=%23IBREAKtheSilence&amp;src=typd\">#jeBRISElesilence<\/a><\/p>\n<\/div><\/div>\n<p>&nbsp;<\/p>\n","protected":false},"excerpt":{"rendered":"","protected":false},"author":21,"featured_media":0,"comment_status":"closed","ping_status":"closed","sticky":false,"template":"","format":"standard","meta":{"footnotes":"","_links_to":"","_links_to_target":""},"categories":[43,34,42,46,33,65,41,57],"tags":[],"class_list":["post-4052","post","type-post","status-publish","format-standard","hentry","category-agences-daide-a-lenfance","category-en-vedette","category-enfants","category-jeunes","category-partenaires-communautaires","category-child-abuse-prevention-fr","category-representation","category-responsabilisation"],"_links":{"self":[{"href":"https:\/\/www.oacas.org\/fr\/wp-json\/wp\/v2\/posts\/4052","targetHints":{"allow":["GET"]}}],"collection":[{"href":"https:\/\/www.oacas.org\/fr\/wp-json\/wp\/v2\/posts"}],"about":[{"href":"https:\/\/www.oacas.org\/fr\/wp-json\/wp\/v2\/types\/post"}],"author":[{"embeddable":true,"href":"https:\/\/www.oacas.org\/fr\/wp-json\/wp\/v2\/users\/21"}],"replies":[{"embeddable":true,"href":"https:\/\/www.oacas.org\/fr\/wp-json\/wp\/v2\/comments?post=4052"}],"version-history":[{"count":0,"href":"https:\/\/www.oacas.org\/fr\/wp-json\/wp\/v2\/posts\/4052\/revisions"}],"wp:attachment":[{"href":"https:\/\/www.oacas.org\/fr\/wp-json\/wp\/v2\/media?parent=4052"}],"wp:term":[{"taxonomy":"category","embeddable":true,"href":"https:\/\/www.oacas.org\/fr\/wp-json\/wp\/v2\/categories?post=4052"},{"taxonomy":"post_tag","embeddable":true,"href":"https:\/\/www.oacas.org\/fr\/wp-json\/wp\/v2\/tags?post=4052"}],"curies":[{"name":"wp","href":"https:\/\/api.w.org\/{rel}","templated":true}]}}