{"id":2981,"date":"2016-09-14T18:06:23","date_gmt":"2016-09-14T22:06:23","guid":{"rendered":"http:\/\/www.oacas.org\/fr\/?p=2981"},"modified":"2016-11-08T18:07:43","modified_gmt":"2016-11-08T23:07:43","slug":"le-cadre-de-pratique-une-vision-une-voix-pret-pour-le-lancement-au-sumposium-du-29-septembre","status":"publish","type":"post","link":"https:\/\/www.oacas.org\/fr\/2016\/09\/le-cadre-de-pratique-une-vision-une-voix-pret-pour-le-lancement-au-sumposium-du-29-septembre\/","title":{"rendered":"Le Cadre de pratique Une vision une voix pr\u00eat pour le lancement au Sumposium du 29 septembre"},"content":{"rendered":"<p><a href=\"http:\/\/www.oacas.org\/wp-content\/uploads\/2016\/11\/One-Vision-One-Voice-Part-2_digital_French_cover.png\" rel=\"wp-prettyPhoto[2981]\"><img fetchpriority=\"high\" decoding=\"async\" class=\"size-medium wp-image-2976 alignright\" src=\"http:\/\/www.oacas.org\/wp-content\/uploads\/2016\/11\/One-Vision-One-Voice-Part-2_digital_French_cover-233x300.png\" alt=\"one-vision-one-voice-part-2_digital_french_cover\" width=\"233\" height=\"300\" srcset=\"https:\/\/www.oacas.org\/wp-content\/uploads\/2016\/11\/One-Vision-One-Voice-Part-2_digital_French_cover-233x300.png 233w, https:\/\/www.oacas.org\/wp-content\/uploads\/2016\/11\/One-Vision-One-Voice-Part-2_digital_French_cover.png 470w\" sizes=\"(max-width: 233px) 100vw, 233px\" \/><\/a><a href=\"http:\/\/www.oacas.org\/wp-content\/uploads\/2016\/11\/One-Vision-One-Voice-Part-1_French-digital-cover.png\" rel=\"wp-prettyPhoto[2981]\"><img decoding=\"async\" class=\"size-medium wp-image-2975 alignright\" src=\"http:\/\/www.oacas.org\/wp-content\/uploads\/2016\/11\/One-Vision-One-Voice-Part-1_French-digital-cover-232x300.png\" alt=\"one-vision-one-voice-part-1_french-digital-cover\" width=\"232\" height=\"300\" srcset=\"https:\/\/www.oacas.org\/wp-content\/uploads\/2016\/11\/One-Vision-One-Voice-Part-1_French-digital-cover-232x300.png 232w, https:\/\/www.oacas.org\/wp-content\/uploads\/2016\/11\/One-Vision-One-Voice-Part-1_French-digital-cover.png 469w\" sizes=\"(max-width: 232px) 100vw, 232px\" \/><\/a>Le 29 septembre, le projet <a href=\"https:\/\/www.oacas.org\/fr\/ce-que-nous-faisons\/relations-avec-le-gouvernement-et-les-intervenants\/une-vision-une-voix\/\"><em>Une vision une voix<\/em><\/a> lancera le Cadre de pratique, constitu\u00e9 de la Partie I, le Rapport de recherche, et de la Partie II, les Pratiques d\u2019\u00e9quit\u00e9 raciale, \u00e0 un <a href=\"http:\/\/www.cvent.com\/events\/one-vision-one-voice-symposium\/event-summary-6fd53bd847864cc7bb0b30c238e86c3b.aspx\" target=\"_blank\">Symposium d\u2019une journ\u00e9e<\/a>, \u00e0 l\u2019H\u00f4tel Sheraton de l\u2019a\u00e9roport de Toronto. Au cours de la derni\u00e8re ann\u00e9e, <em>Une vision une voix<\/em> a consult\u00e9 la communaut\u00e9 afro-canadienne et les soci\u00e9t\u00e9s d\u2019aide \u00e0 l\u2019enfance (SAE) de l\u2019Ontario afin d\u2019\u00e9laborer un Cadre de pratique visant \u00e0 am\u00e9liorer les r\u00e9sultats pour les Afro-Canadiens qui font affaire avec le syst\u00e8me du bien-\u00eatre de l\u2019enfance.<\/p>\n<p>Les invit\u00e9s de marque du\u00a0 Symposium seront :<\/p>\n<ul>\n<li><strong>L\u2019honorable Michael Coteau<\/strong>, ministre des Services \u00e0 l\u2019enfance et \u00e0 la jeunesse, et ministre responsable de la Direction g\u00e9n\u00e9rale de l\u2019action contre le racisme<\/li>\n<li><strong>Renu Mandhane<\/strong>, commissaire en chef de la Commission ontarienne des droits de la personne<\/li>\n<li><strong>Irwin Elman<\/strong>, intervenant provincial en faveur des enfants et des jeunes<\/li>\n<\/ul>\n<p>Elder Paul Hill, auteur, travailleur social et chercheur r\u00e9put\u00e9, sera le conf\u00e9rencier principal de la journ\u00e9e. Des membres de la communaut\u00e9 afro-canadienne seront aussi pr\u00e9sents pour faire part de leurs exp\u00e9riences avec le syst\u00e8me du bien-\u00eatre de l&rsquo;enfance.<\/p>\n<p>Vous pouvez en apprendre davantage sur le Symposium en visitant la <a href=\"http:\/\/www.cvent.com\/events\/one-vision-one-voice-symposium\/event-summary-6fd53bd847864cc7bb0b30c238e86c3b.aspx\" target=\"_blank\">page d\u2019inscription \u00e0 l\u2019\u00e9v\u00e9nement<\/a>.<\/p>\n<p><strong>Vous souhaitez d\u00e9couvrir les activit\u00e9s du projet <\/strong><a href=\"https:\/\/www.oacas.org\/fr\/ce-que-nous-faisons\/relations-avec-le-gouvernement-et-les-intervenants\/une-vision-une-voix\/\"><strong><em>Une vision une voix<\/em><\/strong><\/a><strong>? <\/strong>Consultez les discussions de la gestionnaire de projet sur <a href=\"https:\/\/www.oacas.org\/fr\/2015\/07\/a-new-beginning-2\/\">la fa\u00e7on dont <em>Une vision une voix<\/em> a d\u00e9but\u00e9<\/a> et sur l\u2019<a href=\"https:\/\/www.oacas.org\/fr\/2016\/03\/comment-la-cueillette-de-donnees-liees-a-la-race-peut-ameliorer-drastiquement-les-services-de-laide-a-lenfance\/\">importance de recueillir des donn\u00e9es fond\u00e9es sur la race<\/a> dans le syst\u00e8me du bien-\u00eatre de l&rsquo;enfance, ainsi que <a href=\"https:\/\/www.oacas.org\/fr\/2016\/03\/community-led-project-to-improve-outcomes-for-african-canadian-children-in-ontarios-child-welfare-system\/\">les commentaires qu\u2019elle a obtenus des membres de la communaut\u00e9<\/a> aux 15\u00a0consultations.<\/p>\n<p><em>Une vision une voix est un projet communautaire financ\u00e9 par le minist\u00e8re des Services \u00e0 l\u2019enfance et \u00e0 la jeunesse, par l\u2019entremise de l\u2019Association ontarienne des soci\u00e9t\u00e9s de l\u2019aide \u00e0 l\u2019enfance. Pour obtenir plus d\u2019information sur Une vision une voix, ou pour soumettre vos commentaires, communiquez avec Kike\u00a0Ojo, \u00e0 <\/em><a href=\"mailto:AfriCanFamilies@oacas.org\"><em>AfriCanFamilies@oacas.org<\/em><\/a><em>, ou au 647 925-3031. <\/em><\/p>\n","protected":false},"excerpt":{"rendered":"","protected":false},"author":21,"featured_media":0,"comment_status":"closed","ping_status":"closed","sticky":false,"template":"","format":"standard","meta":{"footnotes":"","_links_to":"","_links_to_target":""},"categories":[34,42,58,46,45,70],"tags":[],"class_list":["post-2981","post","type-post","status-publish","format-standard","hentry","category-en-vedette","category-enfants","category-familles-afro-canadiennes","category-jeunes","category-publication","category-research-fr"],"_links":{"self":[{"href":"https:\/\/www.oacas.org\/fr\/wp-json\/wp\/v2\/posts\/2981","targetHints":{"allow":["GET"]}}],"collection":[{"href":"https:\/\/www.oacas.org\/fr\/wp-json\/wp\/v2\/posts"}],"about":[{"href":"https:\/\/www.oacas.org\/fr\/wp-json\/wp\/v2\/types\/post"}],"author":[{"embeddable":true,"href":"https:\/\/www.oacas.org\/fr\/wp-json\/wp\/v2\/users\/21"}],"replies":[{"embeddable":true,"href":"https:\/\/www.oacas.org\/fr\/wp-json\/wp\/v2\/comments?post=2981"}],"version-history":[{"count":0,"href":"https:\/\/www.oacas.org\/fr\/wp-json\/wp\/v2\/posts\/2981\/revisions"}],"wp:attachment":[{"href":"https:\/\/www.oacas.org\/fr\/wp-json\/wp\/v2\/media?parent=2981"}],"wp:term":[{"taxonomy":"category","embeddable":true,"href":"https:\/\/www.oacas.org\/fr\/wp-json\/wp\/v2\/categories?post=2981"},{"taxonomy":"post_tag","embeddable":true,"href":"https:\/\/www.oacas.org\/fr\/wp-json\/wp\/v2\/tags?post=2981"}],"curies":[{"name":"wp","href":"https:\/\/api.w.org\/{rel}","templated":true}]}}