{"id":19830,"date":"2024-12-18T09:16:44","date_gmt":"2024-12-18T14:16:44","guid":{"rendered":"https:\/\/www.oacas.org\/2024\/12\/les-inscriptions-pour-powerup-2025-sont-desormais-ouvertes\/"},"modified":"2024-12-18T09:16:44","modified_gmt":"2024-12-18T14:16:44","slug":"les-inscriptions-pour-powerup-2025-sont-desormais-ouvertes","status":"publish","type":"post","link":"https:\/\/www.oacas.org\/fr\/2024\/12\/les-inscriptions-pour-powerup-2025-sont-desormais-ouvertes\/","title":{"rendered":"Les inscriptions pour PowerUp 2025 sont d\u00e9sormais ouvertes!"},"content":{"rendered":"<p>Une vision, une voix\u00a0(UVUV) a le plaisir de pr\u00e9senter la sixi\u00e8me \u00e9dition de PowerUp! \u2014 un symposium sp\u00e9cialement con\u00e7u pour les enfants et les jeunes s\u2019identifiant comme Noires et activement impliqu\u00e9es dans le bien-\u00eatre de l\u2019enfance.\u00a0<a href=\"https:\/\/docs.google.com\/forms\/d\/e\/1FAIpQLSffrclJlTh4PYP6_lFvyVYghc3PF1oY1T-zUd7GQlclnKZIuQ\/viewform\">Les inscriptions sont d\u00e9sormais ouvertes<\/a>!<\/p>\n<p>Le jeudi 6 mars 2025, au Centennial Residence and Culinary Arts Centre, UVUV accueillera des jeunes Noires \u00e2g\u00e9es de 13 \u00e0 18 ans de toute la province afin de cr\u00e9er des liens, d\u2019\u00e9tablir une communaut\u00e9 et de c\u00e9l\u00e9brer l\u2019identit\u00e9 noire. PowerUp! est l\u2019occasion d\u2019\u00e9tablir des liens entre les jeunes Noires du syst\u00e8me de bien-\u00eatre de l\u2019enfance, de leur donner les moyens d\u2019agir et d\u2019inspirer l\u2019unit\u00e9 et la solidarit\u00e9 dans tout l\u2019Ontario.<\/p>\n<p>Et la participation est enti\u00e8rement gratuite!<\/p>\n<p>Pour en savoir plus sur l\u2019\u00e9v\u00e8nement, y compris sur la fa\u00e7on de s\u2019inscrire, consultez la\u00a0<a href=\"http:\/\/www.oacas.org\/powerup\">page de l\u2019\u00e9v\u00e9nement<\/a>. Toute question concernant le symposium des jeunes PowerUp! ou le programme UVUV peut \u00eatre adress\u00e9e \u00e0\u00a0<a href=\"mailto:onevisiononevoice@oacas.org\">onevisiononevoice@oacas.org<\/a>.<\/p>\n","protected":false},"excerpt":{"rendered":"","protected":false},"author":21,"featured_media":20017,"comment_status":"closed","ping_status":"closed","sticky":false,"template":"","format":"standard","meta":{"footnotes":"","_links_to":"","_links_to_target":""},"categories":[43,34,42,95,58,46],"tags":[],"class_list":["post-19830","post","type-post","status-publish","format-standard","has-post-thumbnail","hentry","category-agences-daide-a-lenfance","category-en-vedette","category-enfants","category-evenements","category-familles-afro-canadiennes","category-jeunes"],"_links":{"self":[{"href":"https:\/\/www.oacas.org\/fr\/wp-json\/wp\/v2\/posts\/19830","targetHints":{"allow":["GET"]}}],"collection":[{"href":"https:\/\/www.oacas.org\/fr\/wp-json\/wp\/v2\/posts"}],"about":[{"href":"https:\/\/www.oacas.org\/fr\/wp-json\/wp\/v2\/types\/post"}],"author":[{"embeddable":true,"href":"https:\/\/www.oacas.org\/fr\/wp-json\/wp\/v2\/users\/21"}],"replies":[{"embeddable":true,"href":"https:\/\/www.oacas.org\/fr\/wp-json\/wp\/v2\/comments?post=19830"}],"version-history":[{"count":0,"href":"https:\/\/www.oacas.org\/fr\/wp-json\/wp\/v2\/posts\/19830\/revisions"}],"wp:featuredmedia":[{"embeddable":true,"href":"https:\/\/www.oacas.org\/fr\/wp-json\/wp\/v2\/media\/20017"}],"wp:attachment":[{"href":"https:\/\/www.oacas.org\/fr\/wp-json\/wp\/v2\/media?parent=19830"}],"wp:term":[{"taxonomy":"category","embeddable":true,"href":"https:\/\/www.oacas.org\/fr\/wp-json\/wp\/v2\/categories?post=19830"},{"taxonomy":"post_tag","embeddable":true,"href":"https:\/\/www.oacas.org\/fr\/wp-json\/wp\/v2\/tags?post=19830"}],"curies":[{"name":"wp","href":"https:\/\/api.w.org\/{rel}","templated":true}]}}