{"id":16658,"date":"2024-05-09T11:17:35","date_gmt":"2024-05-09T15:17:35","guid":{"rendered":"https:\/\/www.oacas.org\/?p=16658"},"modified":"2024-05-09T11:17:35","modified_gmt":"2024-05-09T15:17:35","slug":"laosae-celebre-le-10e-anniversaire-du-jour-des-enfants-et-des-jeunes-prises-en-charge-en-relancant-son-comite-consultatif-provincial-des-jeunes-de-youthcan","status":"publish","type":"post","link":"https:\/\/www.oacas.org\/fr\/2024\/05\/laosae-celebre-le-10e-anniversaire-du-jour-des-enfants-et-des-jeunes-prises-en-charge-en-relancant-son-comite-consultatif-provincial-des-jeunes-de-youthcan\/","title":{"rendered":"L\u2019AOSAE c\u00e9l\u00e8bre le 10e anniversaire du Jour des enfants et des jeunes prises en charge en relan\u00e7ant son comit\u00e9 consultatif provincial des jeunes de YouthCAN"},"content":{"rendered":"<p>Il est essentiel de veiller \u00e0 ce que la voix des jeunes soit int\u00e9gr\u00e9e dans le travail que nous accomplissons pour soutenir les enfants, les jeunes et les familles dans tout l\u2019Ontario. Entendre et apprendre de celles qui ont v\u00e9cu l\u2019exp\u00e9rience du bien-\u00eatre de l\u2019enfance nous aide \u00e0 comprendre les fa\u00e7ons dont le syst\u00e8me doit changer et \u00e9voluer.<\/p>\n<p>C\u2019est pourquoi l\u2019Association ontarienne des soci\u00e9t\u00e9s de l\u2019aide \u00e0 l\u2019enfance (AOSAE) relance le Comit\u00e9 consultatif provincial des jeunes de YouthCAN (CCPJ) en l\u2019honneur du 10e\u00a0anniversaire du Jour des enfants et des jeunes prises en charge. Nous avons r\u00e9cemment accueilli 15\u00a0nouvelles membres au sein du CCPJ, qui travailleront aux c\u00f4t\u00e9s du <a href=\"https:\/\/www.oacas.org\/2024\/03\/one-vision-one-voice-invites-black-identifying-youth-in-ontario-between-the-ages-of-15-29-to-join-our-youth-action-committee\/\">Conseil consultatif jeunesse Une Vision, Une Voix (UVUV)<\/a>, afin de contribuer \u00e0 l\u2019\u00e9laboration et \u00e0 la mise en \u0153uvre des programmes provinciaux, ainsi qu\u2019\u00e0 nos efforts de plaidoyer visant \u00e0 apporter des changements positifs au syst\u00e8me de bien-\u00eatre de l\u2019enfance de l\u2019Ontario.<\/p>\n<p>Aujourd\u2019hui, les membres du CCPJ se r\u00e9unissent pour la premi\u00e8re fois en personne. Elles se r\u00e9unissent pour nouer des liens, en apprendre davantage sur l\u2019AOSAE et c\u00e9l\u00e9brer le Jour des enfants et des jeunes prises en charge, qui aura lieu le 14\u00a0mai. Le CCPJ sera rejoint par des repr\u00e9sentantes du CCJ UVUV, d\u2019autres d\u00e9fenseuses de la premi\u00e8re voix en lien avec YouthCAN et l\u2019AOSAE, des jeunes pr\u00e9sent\u00e9es dans notre <a href=\"https:\/\/www.oacas.org\/fr\/publications-et-campagnes\/le-jour-des-enfants-et-des-jeunes-pris-en-charge\/\">campagne #ForgetMeNot<\/a>, et les membres du personnel charg\u00e9es de l\u2019engagement des jeunes qui d\u00e9fendent ce travail important au sein de nos agences membres.<\/p>\n<p>Le Jour des enfants et des jeunes prises en charge a \u00e9t\u00e9 cr\u00e9\u00e9 en raison des histoires, des exp\u00e9riences et des recommandations que les jeunes prises en charge ou issues de la prise en charge ont partag\u00e9es dans le rapport \u00a0<a href=\"https:\/\/cwrp.ca\/sites\/default\/files\/publications\/YLC_REPORT_ENG.pdf\">My Real Life Book<\/a>. Le gouvernement de l\u2019Ontario a officiellement reconnu cette journ\u00e9e en adoptant la\u00a0<em>Loi de 2014 sur le Jour des enfants et des jeunes pris en charge.<\/em> L\u2019objectif de cette journ\u00e9e est de reconna\u00eetre les pr\u00e9cieuses contributions des jeunes prises en charge, actuelles et anciennes, aux communaut\u00e9s dans tout l\u2019Ontario. C\u2019est aussi l\u2019occasion de reconna\u00eetre la force et la r\u00e9silience dont font preuve ces jeunes face \u00e0 l\u2019adversit\u00e9.<\/p>\n<p>L\u2019AOSAE est reconnaissante \u00e0 de nombreuses jeunes d\u2019avoir mis \u00e0 disposition leur temps, leur expertise et leur talent au cours de la derni\u00e8re d\u00e9cennie, et au-del\u00e0. Nous tenons tout particuli\u00e8rement \u00e0 remercier les derni\u00e8res membres sortantes du comit\u00e9 consultatif provincial des jeunes, qui ont fait part \u00e0 l\u2019AOSAE de leurs pr\u00e9cieux commentaires au cours des derni\u00e8res ann\u00e9es. Nous esp\u00e9rons qu\u2019elles continueront \u00e0 faire entendre leur voix pour susciter un changement transformateur.<\/p>\n<p>Nous nous r\u00e9jouissons de travailler avec les nouvelles membres du CCPJ dans les semaines et les mois \u00e0 venir!<\/p>\n<p>Pour en savoir plus sur ce que fait l\u2019AOSAE pour c\u00e9l\u00e9brer le 10e\u00a0anniversaire du Jour des enfants et des jeunes prises en charge, consultez le site <a href=\"https:\/\/www.oacas.org\/fr\/publications-et-campagnes\/le-jour-des-enfants-et-des-jeunes-pris-en-charge\/\">www.oacas.org\/forgetmenot<\/a>.<\/p>\n<p><em>Ce document est \u00e9crit au f\u00e9minin avec l\u2019intention d\u2019inclure tous les sexes\u00a0: transgenres, genres diverses, hommes, et femmes<\/em>.<\/p>\n","protected":false},"excerpt":{"rendered":"","protected":false},"author":21,"featured_media":16657,"comment_status":"closed","ping_status":"open","sticky":false,"template":"","format":"standard","meta":{"footnotes":"","_links_to":"","_links_to_target":""},"categories":[43,34,42,95,58,46,57],"tags":[],"class_list":["post-16658","post","type-post","status-publish","format-standard","has-post-thumbnail","hentry","category-agences-daide-a-lenfance","category-en-vedette","category-enfants","category-evenements","category-familles-afro-canadiennes","category-jeunes","category-responsabilisation"],"_links":{"self":[{"href":"https:\/\/www.oacas.org\/fr\/wp-json\/wp\/v2\/posts\/16658","targetHints":{"allow":["GET"]}}],"collection":[{"href":"https:\/\/www.oacas.org\/fr\/wp-json\/wp\/v2\/posts"}],"about":[{"href":"https:\/\/www.oacas.org\/fr\/wp-json\/wp\/v2\/types\/post"}],"author":[{"embeddable":true,"href":"https:\/\/www.oacas.org\/fr\/wp-json\/wp\/v2\/users\/21"}],"replies":[{"embeddable":true,"href":"https:\/\/www.oacas.org\/fr\/wp-json\/wp\/v2\/comments?post=16658"}],"version-history":[{"count":0,"href":"https:\/\/www.oacas.org\/fr\/wp-json\/wp\/v2\/posts\/16658\/revisions"}],"wp:featuredmedia":[{"embeddable":true,"href":"https:\/\/www.oacas.org\/fr\/wp-json\/wp\/v2\/media\/16657"}],"wp:attachment":[{"href":"https:\/\/www.oacas.org\/fr\/wp-json\/wp\/v2\/media?parent=16658"}],"wp:term":[{"taxonomy":"category","embeddable":true,"href":"https:\/\/www.oacas.org\/fr\/wp-json\/wp\/v2\/categories?post=16658"},{"taxonomy":"post_tag","embeddable":true,"href":"https:\/\/www.oacas.org\/fr\/wp-json\/wp\/v2\/tags?post=16658"}],"curies":[{"name":"wp","href":"https:\/\/api.w.org\/{rel}","templated":true}]}}