{"id":15741,"date":"2023-10-13T12:06:01","date_gmt":"2023-10-13T16:06:01","guid":{"rendered":"https:\/\/www.oacas.org\/2023\/10\/declaration-sur-les-attaques-terroristes-en-israel-et-condamnation-de-tous-les-actes-de-violence\/"},"modified":"2023-10-13T12:06:01","modified_gmt":"2023-10-13T16:06:01","slug":"declaration-sur-les-attaques-terroristes-en-israel-et-condamnation-de-tous-les-actes-de-violence","status":"publish","type":"post","link":"https:\/\/www.oacas.org\/fr\/2023\/10\/declaration-sur-les-attaques-terroristes-en-israel-et-condamnation-de-tous-les-actes-de-violence\/","title":{"rendered":"D\u00e9claration sur les attaques terroristes en Isra\u00ebl et condamnation de tous les actes de violence"},"content":{"rendered":"<p>L\u2019Ontario a la chance d\u2019abriter un m\u00e9lange vari\u00e9 de cultures, de religions et d\u2019identit\u00e9s du monde entier. Alors que nous sommes t\u00e9moins des attaques terroristes sans pr\u00e9c\u00e9dent et de la brutalit\u00e9 qui se d\u00e9roulent au Moyen-Orient, nous savons que les habitants de toute la province ont \u00e9t\u00e9 et seront touch\u00e9s par cette violence.<\/p>\n<p>Nous sommes conscients des ravages caus\u00e9s par ce conflit \u00e0 l\u2019\u00e9tranger sur les enfants, les jeunes, les familles et les communaut\u00e9s desservies par nos membres, y compris le Service juif pour la famille et l\u2019enfance. Nos pens\u00e9es vont \u00e0 toutes les personnes dont les proches ont \u00e9t\u00e9 touch\u00e9s par les attaques et la violence insens\u00e9es, ainsi qu\u2019aux familles et aux communaut\u00e9s de l\u2019Ontario qui doivent faire face \u00e0 cette situation en constante \u00e9volution.<\/p>\n<p>L\u2019AOSAE condamne fermement tout acte de violence, de discrimination et de haine. Nous soutenons nos membres, qui d\u00e9fendent tous la d\u00e9cence et la compassion et travaillent chaque jour au service de populations diverses et vuln\u00e9rables afin d\u2019am\u00e9liorer la vie des enfants, des jeunes et des familles.<\/p>\n<p>Nous encourageons nos membres \u00e0 \u00eatre attentifs aux familles, au personnel, aux b\u00e9n\u00e9voles et aux partenaires communautaires qui peuvent \u00eatre touch\u00e9s par ces \u00e9v\u00e9nements traumatisants et \u00e0 leur apporter leur soutien dans ces moments difficiles. \u00c0 l\u2019AOSAE, nous continuerons \u00e0 nous rapprocher de nos membres afin d\u2019identifier les possibilit\u00e9s de les soutenir davantage.<\/p>\n<p><em>Ce document est \u00e9crit au f\u00e9minin avec l\u2019intention d\u2019inclure tous les sexes\u00a0: transgenres, genres diverses, hommes, et femmes.<\/em><\/p>\n","protected":false},"excerpt":{"rendered":"","protected":false},"author":21,"featured_media":8346,"comment_status":"closed","ping_status":"closed","sticky":false,"template":"","format":"standard","meta":{"footnotes":"","_links_to":"","_links_to_target":""},"categories":[43,42,46,33,57],"tags":[],"class_list":["post-15741","post","type-post","status-publish","format-standard","has-post-thumbnail","hentry","category-agences-daide-a-lenfance","category-enfants","category-jeunes","category-partenaires-communautaires","category-responsabilisation"],"_links":{"self":[{"href":"https:\/\/www.oacas.org\/fr\/wp-json\/wp\/v2\/posts\/15741","targetHints":{"allow":["GET"]}}],"collection":[{"href":"https:\/\/www.oacas.org\/fr\/wp-json\/wp\/v2\/posts"}],"about":[{"href":"https:\/\/www.oacas.org\/fr\/wp-json\/wp\/v2\/types\/post"}],"author":[{"embeddable":true,"href":"https:\/\/www.oacas.org\/fr\/wp-json\/wp\/v2\/users\/21"}],"replies":[{"embeddable":true,"href":"https:\/\/www.oacas.org\/fr\/wp-json\/wp\/v2\/comments?post=15741"}],"version-history":[{"count":0,"href":"https:\/\/www.oacas.org\/fr\/wp-json\/wp\/v2\/posts\/15741\/revisions"}],"wp:featuredmedia":[{"embeddable":true,"href":"https:\/\/www.oacas.org\/fr\/wp-json\/wp\/v2\/media\/8346"}],"wp:attachment":[{"href":"https:\/\/www.oacas.org\/fr\/wp-json\/wp\/v2\/media?parent=15741"}],"wp:term":[{"taxonomy":"category","embeddable":true,"href":"https:\/\/www.oacas.org\/fr\/wp-json\/wp\/v2\/categories?post=15741"},{"taxonomy":"post_tag","embeddable":true,"href":"https:\/\/www.oacas.org\/fr\/wp-json\/wp\/v2\/tags?post=15741"}],"curies":[{"name":"wp","href":"https:\/\/api.w.org\/{rel}","templated":true}]}}