{"id":15028,"date":"2023-06-30T10:52:21","date_gmt":"2023-06-30T14:52:21","guid":{"rendered":"https:\/\/www.oacas.org\/2023\/06\/powerup-le-concours-de-reflexion-et-dexpression-edition-2023-est-desormais-ouvert\/"},"modified":"2023-06-30T10:52:21","modified_gmt":"2023-06-30T14:52:21","slug":"powerup-le-concours-de-reflexion-et-dexpression-edition-2023-est-desormais-ouvert","status":"publish","type":"post","link":"https:\/\/www.oacas.org\/fr\/2023\/06\/powerup-le-concours-de-reflexion-et-dexpression-edition-2023-est-desormais-ouvert\/","title":{"rendered":"PowerUp! Le concours de r\u00e9flexion et d\u2019expression \u00e9dition 2023 est d\u00e9sormais ouvert!"},"content":{"rendered":"<p>Il peut sembler que PowerUp soit d\u00e9j\u00e0 pass\u00e9, mais nous savons que pour beaucoup d\u2019entre vous, l\u2019exp\u00e9rience et l\u2019impact durable demeurent.\u00a0\u00a0L\u2019OVOV invite les jeunes participantes \u00e0 soumettre des contributions \u00e0 notre concours de r\u00e9flexion et d\u2019expression!<\/p>\n<p>Directives de soumission\u00a0:<\/p>\n<ul>\n<li>Les jeunes doivent avoir particip\u00e9 \u00e0 PowerUp! \u00c9dition 2023.<\/li>\n<li>Les jeunes peuvent soumettre un texte dans UNE seule cat\u00e9gorie.<\/li>\n<li>Les compositions doivent respecter le th\u00e8me\u00a0: arbre g\u00e9n\u00e9alogique, connexion, identit\u00e9.<\/li>\n<li>Les \u0153uvres doivent \u00eatre envoy\u00e9es \u00e0\u00a0<a href=\"mailto:onevisiononevoice@oacas.org\">onevisiononevoice@oacas.org<\/a>avant le jeudi 24 ao\u00fbt 2023.<\/li>\n<\/ul>\n<p>Deux gagnantes de chaque cat\u00e9gorie recevront 100\u00a0$ chacun.<\/p>\n<p><strong>Cat\u00e9gories\u00a0:<\/strong><\/p>\n<p><strong>Art visuel<\/strong><br \/>\nPrenez ce que vous avez appris \u00e0 PowerUp et cr\u00e9ez quelque chose de nouveau!<br \/>\nEnvoyez-nous votre \u0153uvre au format num\u00e9rique ou prenez-la en photo.<br \/>\nFormats autoris\u00e9s\u00a0: jpg\/jpeg, png, pdf<\/p>\n<p><strong>Po\u00e9sie<\/strong><br \/>\nNous esp\u00e9rons que nos po\u00e8tes invit\u00e9es vous ont inspir\u00e9e pour faire ressortir vos propres pens\u00e9es et sentiments!<br \/>\nLongueur maximale\u00a0: 15 lignes<br \/>\nFormats autoris\u00e9s\u00a0: Document Word ou PDF<\/p>\n<p><strong>Danse<\/strong><br \/>\nNous aimons toutes les soir\u00e9es dansantes, alors montrez-nous votre savoir- faire!<br \/>\n1 \u00e0 2 minutes avec audio<br \/>\nFormats autoris\u00e9s\u00a0: MP4, M4V, WEBM, OGV, WMV, et FLV<\/p>\n<p><strong>Cr\u00e9ations orales\/monologue <\/strong><br \/>\nExprimez votre v\u00e9rit\u00e9.<br \/>\nAudio ou audio + visuel, 1 \u00e0 3 minutes<br \/>\nFormats audio autoris\u00e9s\u00a0: MP3, OGG, or WAV<br \/>\nFormats vid\u00e9o autoris\u00e9s\u00a0: MP4, M4V, WEBM, OGV, WMV, et FLV<\/p>\n<p><strong>Chanson<\/strong><br \/>\nChantez (ou jouez) votre v\u00e9rit\u00e9!<br \/>\nAudio seul ou audio + visuel, 1 \u00e0 3 minutes<br \/>\nFormats audio autoris\u00e9s\u00a0: MP3, OGG, ou WAV<br \/>\nFormats vid\u00e9o autoris\u00e9s\u00a0: MP4, M4V, WEBM, OGV, WMV, et FLV<\/p>\n<p><strong>Crit\u00e8re\u00a0:\u00a0<\/strong><\/p>\n<ul>\n<li>Originalit\u00e9<\/li>\n<li>Respect des directives (voir ci-dessus)<\/li>\n<li>Caract\u00e8re unique<\/li>\n<li>Culture individuelle<\/li>\n<\/ul>\n<p>Contactez l\u2019\u00e9quipe de l\u2019OVOV \u00e0 l\u2019adresse \u00a0<a href=\"mailto:onevisiononevoice@oacas.org\">onevisiononevoice@oacas.org<\/a>\u00a0si vous avez des questions!<\/p>\n<p><em>Ce document est \u00e9crit au f\u00e9minin avec l\u2019intention d\u2019inclure tous les sexes\u00a0: transgenres, genres diverses, hommes, et femmes.<\/em><\/p>\n<p>&nbsp;<\/p>\n","protected":false},"excerpt":{"rendered":"","protected":false},"author":21,"featured_media":14997,"comment_status":"closed","ping_status":"closed","sticky":false,"template":"","format":"standard","meta":{"footnotes":"","_links_to":"","_links_to_target":""},"categories":[43,42,95,58,46],"tags":[],"class_list":["post-15028","post","type-post","status-publish","format-standard","has-post-thumbnail","hentry","category-agences-daide-a-lenfance","category-enfants","category-evenements","category-familles-afro-canadiennes","category-jeunes"],"_links":{"self":[{"href":"https:\/\/www.oacas.org\/fr\/wp-json\/wp\/v2\/posts\/15028","targetHints":{"allow":["GET"]}}],"collection":[{"href":"https:\/\/www.oacas.org\/fr\/wp-json\/wp\/v2\/posts"}],"about":[{"href":"https:\/\/www.oacas.org\/fr\/wp-json\/wp\/v2\/types\/post"}],"author":[{"embeddable":true,"href":"https:\/\/www.oacas.org\/fr\/wp-json\/wp\/v2\/users\/21"}],"replies":[{"embeddable":true,"href":"https:\/\/www.oacas.org\/fr\/wp-json\/wp\/v2\/comments?post=15028"}],"version-history":[{"count":0,"href":"https:\/\/www.oacas.org\/fr\/wp-json\/wp\/v2\/posts\/15028\/revisions"}],"wp:featuredmedia":[{"embeddable":true,"href":"https:\/\/www.oacas.org\/fr\/wp-json\/wp\/v2\/media\/14997"}],"wp:attachment":[{"href":"https:\/\/www.oacas.org\/fr\/wp-json\/wp\/v2\/media?parent=15028"}],"wp:term":[{"taxonomy":"category","embeddable":true,"href":"https:\/\/www.oacas.org\/fr\/wp-json\/wp\/v2\/categories?post=15028"},{"taxonomy":"post_tag","embeddable":true,"href":"https:\/\/www.oacas.org\/fr\/wp-json\/wp\/v2\/tags?post=15028"}],"curies":[{"name":"wp","href":"https:\/\/api.w.org\/{rel}","templated":true}]}}