{"id":14782,"date":"2023-05-19T11:23:12","date_gmt":"2023-05-19T15:23:12","guid":{"rendered":"https:\/\/www.oacas.org\/2023\/05\/soyez-presents-pour-les-enfants-pris-en-charge-reflexions-de-nicole-bonnie-pdg-de-lassociation-ontarienne-des-societes-de-laide-a-lenfance-aosae-sur-la-journee-des-enf\/"},"modified":"2023-05-19T11:23:47","modified_gmt":"2023-05-19T15:23:47","slug":"soyez-presents-pour-les-enfants-pris-en-charge-reflexions-de-nicole-bonnie-pdg-de-lassociation-ontarienne-des-societes-de-laide-a-lenfance-aosae-sur-la-journee-des-enf","status":"publish","type":"post","link":"https:\/\/www.oacas.org\/fr\/2023\/05\/soyez-presents-pour-les-enfants-pris-en-charge-reflexions-de-nicole-bonnie-pdg-de-lassociation-ontarienne-des-societes-de-laide-a-lenfance-aosae-sur-la-journee-des-enf\/","title":{"rendered":"Soyez pr\u00e9sents pour les enfants pris en charge : R\u00e9flexions de Nicole Bonnie, PDG de l\u2019Association ontarienne des soci\u00e9t\u00e9s de l\u2019aide \u00e0 l\u2019enfance (AOSAE), sur la Journ\u00e9e des enfants et des jeunes pris en charge 2023"},"content":{"rendered":"<p>La Journ\u00e9e des enfants et des jeunes pris en charge a \u00e9t\u00e9 cr\u00e9\u00e9e par et pour les jeunes pris en charge en Ontario. L\u2019ann\u00e9e derni\u00e8re, en reconnaissance de cette journ\u00e9e, l\u2019AOSAE a lanc\u00e9 une campagne intitul\u00e9e <a href=\"https:\/\/www.oacas.org\/fr\/publications-et-campagnes\/le-jour-des-enfants-et-des-jeunes-pris-en-charge\/\">#ForgetMeNot<\/a>, afin d\u2019attirer \u00e0 nouveau l\u2019attention sur les r\u00e9alisations et les d\u00e9fis des enfants et des jeunes pris en charge par les services de protection de l\u2019enfance.<\/p>\n<p>La campagne de cette ann\u00e9e, en partenariat avec la Fondation de l\u2019aide \u00e0 l\u2019enfance du Canada, met en lumi\u00e8re les fa\u00e7ons dont des relations et des r\u00e9seaux de soutien solides peuvent aider les enfants et les jeunes pris en charge \u00e0 aller bien et \u00e0 r\u00e9ussir. Nous voulons que tous les Ontariens se posent la question suivante : <em><strong>\u00cates-vous pr\u00e9sents pour les enfants pris en charge?<\/strong><\/em><\/p>\n<p>Nous savons qu\u2019au niveau le plus personnel, une seule personne peut faire la diff\u00e9rence dans la vie d\u2019un enfant ou d\u2019un jeune. Les articles que nous partageons dans le cadre de la campagne <a href=\"https:\/\/www.oacas.org\/fr\/publications-et-campagnes\/le-jour-des-enfants-et-des-jeunes-pris-en-charge\/\">#ForgetMeNot<\/a> de cette ann\u00e9e en sont autant d\u2019exemples.<\/p>\n<p>En tant que secteur de la protection de l\u2019enfance et au niveau plus large des syst\u00e8mes, nous devons nous poser cette question. Nous devons \u00e9galement \u00eatre honn\u00eates sur les manquements de notre part \u00e0 l\u2019\u00e9gard des enfants pris en charge. Les syst\u00e8mes dont nous avons h\u00e9rit\u00e9, qui ne se limitent pas \u00e0 la protection de l\u2019enfance mais englobent \u00e9galement la sant\u00e9, la justice et l\u2019\u00e9ducation, sont fond\u00e9s sur des id\u00e9ologies et des valeurs coloniales, racistes et oppressives. Ils peuvent \u00eatre et sont pr\u00e9judiciables \u00e0 de nombreux enfants, jeunes et familles. La surrepr\u00e9sentation des Noirs, des Autochtones et d\u2019autres groupes marginalis\u00e9s dans les services de protection de l\u2019enfance en est la preuve.<\/p>\n<p>Nous invitons donc nos membres, nos partenaires gouvernementaux, les acteurs communautaires, les prestataires de services et les membres de la communaut\u00e9 \u00e0 r\u00e9fl\u00e9chir, \u00e0 l\u2019occasion de la Journ\u00e9e des enfants et des jeunes pris en charge, \u00e0 la mani\u00e8re dont ils peuvent mieux soutenir la s\u00e9curit\u00e9, le bien-\u00eatre et la r\u00e9ussite des jeunes dans le syst\u00e8me de protection de l\u2019enfance, en particulier de ceux qui sont confront\u00e9s \u00e0 des r\u00e9sultats disproportionn\u00e9s.<\/p>\n<p>Ensemble, inspirons-nous de la force et de la r\u00e9silience des enfants et des jeunes pris en charge, comme Van, Troy, Sam, Aidan, Rose et Kaygan, et prenons des d\u00e9cisions audacieuses et des mesures d\u00e9cisives. Prenons le temps de c\u00e9l\u00e9brer leurs r\u00e9alisations, tout en nous rappelant qu\u2019ils sont confront\u00e9s \u00e0 des d\u00e9fis uniques et ont des besoins distincts, et que nous avons la responsabilit\u00e9 collective de veiller \u00e0 ce que ces besoins soient satisfaits.<\/p>\n<p>Nous devons collaborer entre les syst\u00e8mes, les niveaux de gouvernement, les prestataires de services et la communaut\u00e9 pour soutenir les enfants et les jeunes vuln\u00e9rables, ainsi que leurs familles. Les enfants et les jeunes pris en charge ont besoin d\u2019alli\u00e9s, d\u2019un sentiment d\u2019appartenance et de r\u00e9ponses concert\u00e9es pour les soutenir dans leur parcours de vie.<\/p>\n<p>Soyons pr\u00e9sents pour les enfants pris en charge. Ils ne peuvent \u00eatre oubli\u00e9s.<\/p>\n","protected":false},"excerpt":{"rendered":"","protected":false},"author":21,"featured_media":14448,"comment_status":"closed","ping_status":"closed","sticky":false,"template":"","format":"standard","meta":{"footnotes":"","_links_to":"","_links_to_target":""},"categories":[110,43,34,42,95,58,61,46,109,33,44,41,57],"tags":[],"class_list":["post-14782","post","type-post","status-publish","format-standard","has-post-thumbnail","hentry","category-2slgbtq-fr","category-agences-daide-a-lenfance","category-en-vedette","category-enfants","category-evenements","category-familles-afro-canadiennes","category-gouvernement","category-jeunes","category-message-du-pdg","category-partenaires-communautaires","category-permanence","category-representation","category-responsabilisation"],"_links":{"self":[{"href":"https:\/\/www.oacas.org\/fr\/wp-json\/wp\/v2\/posts\/14782","targetHints":{"allow":["GET"]}}],"collection":[{"href":"https:\/\/www.oacas.org\/fr\/wp-json\/wp\/v2\/posts"}],"about":[{"href":"https:\/\/www.oacas.org\/fr\/wp-json\/wp\/v2\/types\/post"}],"author":[{"embeddable":true,"href":"https:\/\/www.oacas.org\/fr\/wp-json\/wp\/v2\/users\/21"}],"replies":[{"embeddable":true,"href":"https:\/\/www.oacas.org\/fr\/wp-json\/wp\/v2\/comments?post=14782"}],"version-history":[{"count":0,"href":"https:\/\/www.oacas.org\/fr\/wp-json\/wp\/v2\/posts\/14782\/revisions"}],"wp:featuredmedia":[{"embeddable":true,"href":"https:\/\/www.oacas.org\/fr\/wp-json\/wp\/v2\/media\/14448"}],"wp:attachment":[{"href":"https:\/\/www.oacas.org\/fr\/wp-json\/wp\/v2\/media?parent=14782"}],"wp:term":[{"taxonomy":"category","embeddable":true,"href":"https:\/\/www.oacas.org\/fr\/wp-json\/wp\/v2\/categories?post=14782"},{"taxonomy":"post_tag","embeddable":true,"href":"https:\/\/www.oacas.org\/fr\/wp-json\/wp\/v2\/tags?post=14782"}],"curies":[{"name":"wp","href":"https:\/\/api.w.org\/{rel}","templated":true}]}}