{"id":14688,"date":"2023-05-09T09:19:35","date_gmt":"2023-05-09T13:19:35","guid":{"rendered":"https:\/\/www.oacas.org\/?p=14688"},"modified":"2023-06-01T09:20:07","modified_gmt":"2023-06-01T13:20:07","slug":"etes-vous-la-pour-les-enfants-pris-en-charge-des-jeunes-issus-des-services-de-protection-de-lenfance-se-rendent-a-queens-park-pour-demander-au-gouvernement-de-leur-fournir-davantag","status":"publish","type":"post","link":"https:\/\/www.oacas.org\/fr\/2023\/05\/etes-vous-la-pour-les-enfants-pris-en-charge-des-jeunes-issus-des-services-de-protection-de-lenfance-se-rendent-a-queens-park-pour-demander-au-gouvernement-de-leur-fournir-davantag\/","title":{"rendered":"\u00cates-vous l\u00e0 pour les enfants pris en charge ? Des jeunes issus des services de protection de l\u2019enfance se rendent \u00e0 Queen\u2019s Park pour demander au gouvernement de leur fournir davantage de soutien et de services"},"content":{"rendered":"<p>9 mai 2023<\/p>\n<p>Toronto (Ontario) &#8211; Le 14 mai est la Journ\u00e9e des enfants et des jeunes pris en charge \u2014 une journ\u00e9e pour reconna\u00eetre les contributions que les jeunes actuellement ou anciennement pris en charge par le syst\u00e8me de protection de l\u2019enfance de l\u2019Ontario<a href=\"#_ftn1\" name=\"_ftnref1\">[1]<\/a> apportent \u00e0 la province, ainsi que leur force et leur r\u00e9silience face \u00e0 l\u2019adversit\u00e9.<\/p>\n<p>Cette ann\u00e9e, pour la premi\u00e8re fois depuis le d\u00e9but de la pand\u00e9mie de COVID-19, des jeunes ayant une exp\u00e9rience v\u00e9cue dans le syst\u00e8me de protection de l\u2019enfance de l\u2019Ontario visitent Queen\u2019s Park \u00e0 l\u2019occasion de la Journ\u00e9e des enfants et des jeunes pris en charge et posent la question suivante aux d\u00e9put\u00e9s\u00a0: \u00ab\u00a0<em>\u00cates-vous l\u00e0 pour les enfants pris en charge ?\u00a0\u00bb<\/em> L\u2019AOSAE et la Fondation d\u2019aide \u00e0 l\u2019enfance du Canada soutiennent les jeunes pris en charge en demandant au gouvernement de l\u2019Ontario de :<\/p>\n<ul>\n<li><strong>D\u00e9velopper les services de sant\u00e9 mentale pour les enfants et les jeunes pris en charge gr\u00e2ce \u00e0 des investissements suppl\u00e9mentaires dans la <em>feuille de route pour le bien-\u00eatre<\/em>.<\/strong> Ce financement suppl\u00e9mentaire devrait \u00eatre fourni aux organisations ax\u00e9es sur la sant\u00e9 mentale des enfants et des adolescents afin de r\u00e9duire les temps d\u2019attente et d\u2019am\u00e9liorer l\u2019acc\u00e8s \u00e0 des services et \u00e0 des soutiens sp\u00e9cialis\u00e9s et tenant compte des traumatismes. Une partie de ce financement devrait \u00eatre r\u00e9serv\u00e9e aux enfants et aux jeunes ayant des besoins graves ou complexes en mati\u00e8re de sant\u00e9 mentale.<\/li>\n<li><strong>Veiller \u00e0 ce que<\/strong> <strong>les jeunes pris en charge aient acc\u00e8s \u00e0 un logement s\u00e9curitaire, appropri\u00e9 et s\u00e9curis\u00e9 gr\u00e2ce \u00e0 des investissements suppl\u00e9mentaires dans le programme de pr\u00e9vention du sans-abrisme.<\/strong> Les investissements doivent soutenir les mod\u00e8les de logement, les programmes et les initiatives sp\u00e9cifiquement con\u00e7us pour aider les jeunes en offrant une gamme holistique de soutiens et de services int\u00e9gr\u00e9s ax\u00e9s sur le bien-\u00eatre, le d\u00e9veloppement continu des aptitudes \u00e0 la vie quotidienne, l\u2019emploi et l\u2019\u00e9ducation, l\u2019int\u00e9gration dans la communaut\u00e9 et l\u2019inclusion sociale.<\/li>\n<li><strong>Aider les jeunes pris en charge \u00e0 entrer sur le march\u00e9 du travail et \u00e0 s\u2019y \u00e9panouir en r\u00e9alisant des investissements cibl\u00e9s sur la reprise de l\u2019apprentissage et le d\u00e9veloppement des comp\u00e9tences.<\/strong> Ces investissements cibl\u00e9s devraient \u00eatre adapt\u00e9s aux besoins des jeunes confront\u00e9s \u00e0 des obstacles particuliers en mati\u00e8re d\u2019\u00e9ducation et d\u2019emploi, tels que les jeunes quittant pr\u00e9matur\u00e9ment l\u2019\u00e9cole secondaire, les jeunes parents isol\u00e9s, les jeunes vivant dans des m\u00e9nages \u00e0 faible revenu, les jeunes sans abri ou en situation de logement pr\u00e9caire, et les jeunes pris en charge ou ayant quitt\u00e9 le syst\u00e8me de prise en charge.<\/li>\n<\/ul>\n<p>La disparit\u00e9 des r\u00e9sultats obtenus par les jeunes issus du syst\u00e8me de protection de l\u2019enfance par rapport \u00e0 leurs pairs est bien document\u00e9e. Il s\u2019agit notamment de taux \u00e9lev\u00e9s d\u2019abandon pr\u00e9coce des \u00e9tudes secondaires ou post-secondaires, de sous-emploi ou de ch\u00f4mage, de probl\u00e8mes de sant\u00e9 mentale et de toxicomanie, ainsi que de logements pr\u00e9caires. Il est \u00e9galement important de noter que les jeunes autochtones et noirs continuent d\u2019\u00eatre surrepr\u00e9sent\u00e9s dans le syst\u00e8me de protection de l\u2019enfance et que les exp\u00e9riences et les r\u00e9sultats des enfants et des jeunes 2SLGBTQ+ impliqu\u00e9s dans le syst\u00e8me de protection de l\u2019enfance doivent \u00eatre am\u00e9lior\u00e9s. Cette situation r\u00e9sulte de l\u2019impact historique et continu des syst\u00e8mes de pouvoir, de privil\u00e8ge et d\u2019oppression \u2014 y compris le colonialisme et le racisme &#8211; qui conduisent \u00e0 la surveillance excessive des communaut\u00e9s tout en cr\u00e9ant des obstacles \u00e0 des services de soutien s\u00fbrs et culturellement adapt\u00e9s dans des syst\u00e8mes tels que la sant\u00e9 mentale, le logement et l\u2019\u00e9ducation.<\/p>\n<p>Les enfants et les jeunes pris en charge ne peuvent \u00eatre oubli\u00e9s. Le gouvernement de l\u2019Ontario doit leur accorder la priorit\u00e9 en tant que groupe ayant des exp\u00e9riences uniques et des besoins distincts. Il est essentiel que la province \u00e9labore des politiques et des programmes et r\u00e9alise des investissements adapt\u00e9s \u00e0 leurs besoins sp\u00e9cifiques, y compris en mati\u00e8re d\u2019identit\u00e9 et de culture. En fin de compte, cela permettra de soutenir et de faire avancer le travail r\u00e9alis\u00e9 pour lutter contre la surrepr\u00e9sentation dans les services de protection de l\u2019enfance et les progr\u00e8s r\u00e9alis\u00e9s en vue d\u2019obtenir des r\u00e9sultats \u00e9quitables.<\/p>\n<p>\u00ab\u00a0Il y a de nombreuses fa\u00e7ons pour les Ontariens d\u2019influencer la vie d\u2019un enfant ou d\u2019un jeune dans le syst\u00e8me de protection de l\u2019enfance\u00a0\u00bb, a d\u00e9clar\u00e9 Van Loc, l\u2019une des personnes pr\u00e9sent\u00e9es dans la campagne #ForgetMeNot et l\u2019artiste \u00e0 l\u2019origine du mat\u00e9riel de la campagne. \u00ab\u00a0Mon entra\u00eeneur d\u2019escrime Bryan a chang\u00e9 ma vie. J\u2019esp\u00e8re que son histoire inspirera d\u2019autres personnes \u00e0 faire davantage pour aider les jeunes autour d\u2019eux.\u00a0\u00bb<\/p>\n<p>\u00ab\u00a0Il ne suffit pas de c\u00e9l\u00e9brer les enfants et les jeunes pris en charge le 14 mai. Nous devons \u00e9galement nous efforcer d\u2019am\u00e9liorer les r\u00e9sultats pour tous les enfants, les jeunes, les familles et les communaut\u00e9s\u00a0\u00bb, a d\u00e9clar\u00e9 Nicole Bonnie, directrice g\u00e9n\u00e9rale de l\u2019AOSAE. \u00ab\u00a0Nous y parvenons en interpellant le gouvernement et des partenaires cl\u00e9s dans des conversations sur des politiques, des programmes et des investissements pratiques et tangibles qui peuvent aider les enfants et les jeunes pris en charge \u00e0 s\u2019\u00e9panouir. Nous demandons \u00e9galement aux membres de la communaut\u00e9 de r\u00e9fl\u00e9chir \u00e0 la mani\u00e8re dont ils sont pr\u00e9sents pour les enfants plac\u00e9s. Nous voulons qu\u2019ils r\u00e9fl\u00e9chissent de mani\u00e8re critique \u00e0 ce qu\u2019ils pourraient faire de plus pour soutenir les enfants et les jeunes vuln\u00e9rables dans leurs communaut\u00e9s.\u00a0\u00bb<\/p>\n<p>\u00ab\u00a0Fournir un logement, un appui en mati\u00e8re de sant\u00e9 mentale et des possibilit\u00e9s d&rsquo;\u00e9ducation et de formation aux jeunes qui sortent du syst\u00e8me de protection de l&rsquo;enfance &#8211; en particulier ceux qui se recensent comme Noirs, Autochtones et biraciaux &#8211; n&rsquo;est pas seulement un imp\u00e9ratif moral, mais un investissement pratique dans leur r\u00e9ussite future et le bien-\u00eatre de nos communaut\u00e9s\u00a0\u00bb, a d\u00e9clar\u00e9 Valerie McMurtry, pr\u00e9sidente-directrice g\u00e9n\u00e9rale de la Fondation de l&rsquo;aide \u00e0 l&rsquo;enfance du Canada. \u00ab\u00a0Nous saluons le gouvernement pour les mesures qu&rsquo;il a prises concernant des programmes tels que \u00ab\u00a0\u00c0 vos marques, pr\u00eats, partez\u00a0\u00bb, mais la Fondation a conscience qu&rsquo;il est possible d&rsquo;en faire plus. Nous devons continuer \u00e0 donner la priorit\u00e9 aux besoins des jeunes en transition hors d&rsquo;aide et leur fournir les ressources n\u00e9cessaires pour renforcer leur r\u00e9silience et s&rsquo;\u00e9panouir.\u00a0\u00bb<\/p>\n<p>Pour en savoir plus sur la campagne #ForgetMeNot et sur la mani\u00e8re dont vous pouvez vous impliquer, consultez le site <a href=\"http:\/\/www.oacas.org\/forgetmenot-fr\">oacas.org\/forgetmenot-fr<\/a>.<\/p>\n<p><strong>\u00c0 propos de la Journ\u00e9e des enfants et des jeunes pris en charge\u00a0:<\/strong><\/p>\n<p>La Journ\u00e9e des enfants et des jeunes pris en charge a \u00e9t\u00e9 cr\u00e9\u00e9e gr\u00e2ce aux efforts inlassables des jeunes pris en charge ou sortant d\u2019une structure d\u2019accueil et aux r\u00e9cits et exp\u00e9riences qu\u2019ils ont partag\u00e9s dans le cadre du rapport\u00a0<a href=\"https:\/\/cwrp.ca\/sites\/default\/files\/publications\/YLC_REPORT_ENG.pdf\">My Real Life Book (Ma vraie vie)<\/a>. Cette journ\u00e9e a \u00e9t\u00e9 proclam\u00e9e au niveau provincial par la\u00a0<em>loi de 2014 sur la Journ\u00e9e des enfants et des jeunes pris en charge<\/em>. Elle rappelle que les enfants et les jeunes plac\u00e9s sont confront\u00e9s \u00e0 de nombreux d\u00e9fis uniques. Ils ont besoin d\u2019alli\u00e9s, de d\u00e9fenseurs et de collaboration pour les aider \u00e0 atteindre leur plein potentiel. Ils ont besoin de savoir qu\u2019ils appartiennent \u00e0 leur communaut\u00e9 et qu\u2019ils b\u00e9n\u00e9ficient de son soutien.<\/p>\n<p><strong>\u00c0 propos de la campagne #ForgetMeNot de 2023\u00a0:<\/strong><\/p>\n<p>Cette ann\u00e9e, l\u2019AOSAE poursuit la <a href=\"http:\/\/www.oacas.org\/forgetmenot-fr\">campagne #ForgetMeNot<\/a> en posant la question \u00e0 tous les Ontariens: <em>\u00cates-vous l\u00e0 pour les enfants plac\u00e9s? <\/em>C\u2019est une fa\u00e7on de rappeler \u00e0 la communaut\u00e9, au gouvernement et aux prestataires de services que ces jeunes continuent d\u2019avoir besoin d\u2019un soutien essentiel. Ils ne peuvent pas \u00eatre oubli\u00e9s. La campagne de cette ann\u00e9e met l\u2019accent sur les r\u00e9cits de jeunes ayant connu le syst\u00e8me de protection de l\u2019enfance et sur les personnes influentes dans leur vie qui ont contribu\u00e9 \u00e0 leur bien-\u00eatre. Nous voulons encourager les Ontariens \u00e0 s\u2019impliquer dans leur r\u00e9ussite. Nous sommes fiers de nous associer \u00e0 la Fondation canadienne de l\u2019aide \u00e0 l\u2019enfance dans le cadre de la campagne 2023 #ForgetMeNot.<\/p>\n<p><strong>Contact m\u00e9dias:<\/strong><\/p>\n<p>Sean McGrady<br \/>\nDirecteur des communications et des relations avec le gouvernement et les parties prenantes<br \/>\nAssociation ontarienne des soci\u00e9t\u00e9s d\u2019aide \u00e0 l\u2019enfance<br \/>\n<a href=\"mailto:smcgrady@oacas.org\">smcgrady@oacas.org<\/a><br \/>\n416-806-6389<\/p>\n<p>Tonya Reid<br \/>\nGestionnaire principale, Communications<br \/>\nFondation canadienne de l\u2019aide \u00e0 l\u2019enfance<br \/>\n<a href=\"mailto:treid@cafdn.org\">treid@cafdn.org<\/a><br \/>\n416-923-0924<\/p>\n<p><a href=\"#_ftnref1\" name=\"_ftn1\">[1]<\/a> Chaque ann\u00e9e, pr\u00e8s de 12\u00a0000 enfants et jeunes sont pris en charge par des agences de protection de l&rsquo;enfance non autochtones en Ontario. Ces jeunes ne sont pas en mesure de vivre avec les personnes qui s&rsquo;occupent d&rsquo;eux en raison de conditions dangereuses.\u00a0Au lieu de cela, ils vivent avec la famille \u00e9largie, des amis, ou dans des familles d&rsquo;accueil ou des foyers.<\/p>\n","protected":false},"excerpt":{"rendered":"","protected":false},"author":21,"featured_media":14687,"comment_status":"closed","ping_status":"closed","sticky":false,"template":"","format":"standard","meta":{"footnotes":"","_links_to":"","_links_to_target":""},"categories":[43,34,42,95,61,46,98,33,41],"tags":[],"class_list":["post-14688","post","type-post","status-publish","format-standard","has-post-thumbnail","hentry","category-agences-daide-a-lenfance","category-en-vedette","category-enfants","category-evenements","category-gouvernement","category-jeunes","category-la-verite-et-de-la-reconciliation","category-partenaires-communautaires","category-representation"],"_links":{"self":[{"href":"https:\/\/www.oacas.org\/fr\/wp-json\/wp\/v2\/posts\/14688","targetHints":{"allow":["GET"]}}],"collection":[{"href":"https:\/\/www.oacas.org\/fr\/wp-json\/wp\/v2\/posts"}],"about":[{"href":"https:\/\/www.oacas.org\/fr\/wp-json\/wp\/v2\/types\/post"}],"author":[{"embeddable":true,"href":"https:\/\/www.oacas.org\/fr\/wp-json\/wp\/v2\/users\/21"}],"replies":[{"embeddable":true,"href":"https:\/\/www.oacas.org\/fr\/wp-json\/wp\/v2\/comments?post=14688"}],"version-history":[{"count":0,"href":"https:\/\/www.oacas.org\/fr\/wp-json\/wp\/v2\/posts\/14688\/revisions"}],"wp:featuredmedia":[{"embeddable":true,"href":"https:\/\/www.oacas.org\/fr\/wp-json\/wp\/v2\/media\/14687"}],"wp:attachment":[{"href":"https:\/\/www.oacas.org\/fr\/wp-json\/wp\/v2\/media?parent=14688"}],"wp:term":[{"taxonomy":"category","embeddable":true,"href":"https:\/\/www.oacas.org\/fr\/wp-json\/wp\/v2\/categories?post=14688"},{"taxonomy":"post_tag","embeddable":true,"href":"https:\/\/www.oacas.org\/fr\/wp-json\/wp\/v2\/tags?post=14688"}],"curies":[{"name":"wp","href":"https:\/\/api.w.org\/{rel}","templated":true}]}}