{"id":13857,"date":"2023-02-10T09:03:33","date_gmt":"2023-02-10T14:03:33","guid":{"rendered":"https:\/\/www.oacas.org\/2023\/02\/mois-de-lhistoire-des-noirs-a-nous-de-la-raconter\/"},"modified":"2023-02-10T09:03:33","modified_gmt":"2023-02-10T14:03:33","slug":"mois-de-lhistoire-des-noirs-a-nous-de-la-raconter","status":"publish","type":"post","link":"https:\/\/www.oacas.org\/fr\/2023\/02\/mois-de-lhistoire-des-noirs-a-nous-de-la-raconter\/","title":{"rendered":"Mois de l\u2019histoire des Noirs : \u00c0 nous de la raconter"},"content":{"rendered":"<p><em>R\u00e9flexions de Nicole Bonnie, PDG de l&rsquo;AOSAE<\/em><\/p>\n<p>Depuis le milieu des ann\u00e9es 1990, le mois de f\u00e9vrier est reconnu comme le Mois de l&rsquo;histoire des Noirs en Ontario et dans tout le Canada. C&rsquo;est une p\u00e9riode consacr\u00e9e \u00e0 la c\u00e9l\u00e9bration des contributions et des r\u00e9alisations des Canadiens et des communaut\u00e9s noires. C&rsquo;est le moment de partager et de raconter des histoires, d&rsquo;\u00e9couter et d&rsquo;apprendre. Le th\u00e8me du Mois de l&rsquo;histoire des Noirs, \u00ab\u00a0\u00c0 nous de la raconter\u00a0\u00bb, nous rappelle que nous avons tous une histoire qui m\u00e9rite d&rsquo;\u00eatre partag\u00e9e, d&rsquo;\u00eatre entendue et d&rsquo;\u00eatre honor\u00e9e.<\/p>\n<p>Dans le domaine de la protection de l&rsquo;enfance, les familles noires nous racontent depuis longtemps leur histoire. Ils ont d\u00e9crit en d\u00e9tail la mani\u00e8re dont le syst\u00e8me a port\u00e9 pr\u00e9judice aux communaut\u00e9s noires, en les mettant <a href=\"https:\/\/www.oacas.org\/fr\/2021\/10\/pourquoi-ce-nest-plus-le-mois-de-la-prevention-du-mauvais-traitement-des-enfants-mais-plutot-un-appel-a-se-joindre-a-la-journee-passez-au-mauve-2021\/\">sous surveillance<\/a> et en remettant en question leur capacit\u00e9 \u00e0 s&rsquo;occuper de leurs enfants. En 2015, <a href=\"https:\/\/www.oacas.org\/fr\/programmes-et-ressources\/unevisionunevoix\/\">Une Vision Une Voix (UVUV)<\/a> a \u00e9t\u00e9 lanc\u00e9 en r\u00e9ponse directe aux voix de la communaut\u00e9 pour rem\u00e9dier \u00e0 la surrepr\u00e9sentation des familles noires dans le syst\u00e8me de protection de l&rsquo;enfance.<\/p>\n<p>L&rsquo;<a href=\"https:\/\/www.oacas.org\/fr\/2022\/06\/un-nouveau-rapport-revele-la-realite-du-racisme-anti-noir-dans-la-prestation-des-services-de-bien-etre-de-lenfance-en-ontario\/\">ann\u00e9e derni\u00e8re, le rapport de l&rsquo;\u00c9tude d&rsquo;incidence de l&rsquo;Ontario (EIO)<\/a> , publi\u00e9 par l&rsquo;UVUV en partenariat avec la\u00a0<a href=\"https:\/\/socialwork.utoronto.ca\/\">Facult\u00e9 de travail social Factor-Inwentash (FIFSW)<\/a> de l&rsquo;Universit\u00e9 de Toronto, a confirm\u00e9 les r\u00e9cits bien connus de la communaut\u00e9 noire. Elle a montr\u00e9 tr\u00e8s clairement que le racisme anti-Noir persiste dans les services de protection de l&rsquo;enfance &#8211; et dans tous les syst\u00e8mes qui y sont li\u00e9s &#8211; et que les familles noires de l&rsquo;Ontario en subissent directement les cons\u00e9quences n\u00e9gatives.<\/p>\n<p>Ce rapport a renforc\u00e9 l&rsquo;importance d&rsquo;\u00e9couter les histoires des enfants, des jeunes et des familles desservis par les agences de protection de l&rsquo;enfance en Ontario et la n\u00e9cessit\u00e9 d&rsquo;une r\u00e9ponse urgente. Leurs exp\u00e9riences et leurs connaissances sont essentielles pour transformer le syst\u00e8me de protection de l&rsquo;enfance &#8211; un syst\u00e8me engag\u00e9 dans le d\u00e9mant\u00e8lement de la supr\u00e9matie blanche, ax\u00e9 sur la pr\u00e9vention et l&rsquo;intervention pr\u00e9coce, sur les forces de la famille et de la communaut\u00e9, et sur l&rsquo;am\u00e9lioration des r\u00e9sultats pour tous les enfants, les jeunes et les familles. Nous avons besoin de leurs voix pour nous pousser plus loin, plus vite.<\/p>\n<p>Nous n\u2019y sommes pas \u00e0 l\u2019\u00e9chelle du syst\u00e8me, mais nous continuons \u00e0 travailler pour centrer les voix de la communaut\u00e9 noire et des enfants, jeunes et familles noirs. Si nous prenons le temps d&rsquo;\u00e9couter, nous constaterons que les jeunes Noirs ont beaucoup \u00e0 partager sur leurs exp\u00e9riences. Et ils ont \u00e9galement des solutions sur les moyens d&rsquo;am\u00e9liorer le syst\u00e8me pour fournir de meilleurs soins. C&rsquo;est pourquoi je suis si enthousiaste \u00e0 l&rsquo;id\u00e9e de participer au quatri\u00e8me <a href=\"http:\/\/www.oacas.org\/powerup\"><em>symposium<\/em><\/a> annuel PowerUp! qui aura lieu le 6 mars. \u00c0 l&rsquo;occasion de PowerUp!, UVUV r\u00e9unira des jeunes de race noire de tout l&rsquo;Ontario pour qu&rsquo;ils partagent leurs exp\u00e9riences en mati\u00e8re de protection de l&rsquo;enfance. L&rsquo;objectif est de cr\u00e9er des liens, de cr\u00e9er une communaut\u00e9 et de c\u00e9l\u00e9brer l&rsquo;identit\u00e9 noire. Une r\u00e9ponse cl\u00e9 pour honorer leurs histoires sera d&rsquo;agir avec nos membres et nos intervenants \u00e0 travers la province pour apporter un r\u00e9el changement. Pour en savoir plus sur PowerUp!, rendez-vous sur <a href=\"http:\/\/www.oacas.org\/powerup\">oacas.org\/powerup<\/a>.<\/p>\n<p>On me demande souvent ce qu&rsquo;a \u00e9t\u00e9 la nomination du premier PDG noir du syst\u00e8me de protection de l&rsquo;enfance de l&rsquo;Ontario. Quand je le fais, je pense \u00e0 un appel t\u00e9l\u00e9phonique que j&rsquo;ai re\u00e7u d&rsquo;un membre de la communaut\u00e9 peu apr\u00e8s mon entr\u00e9e \u00e0 l&rsquo;AOSAE. Elle m&rsquo;a fait part de sa joie et de sa fiert\u00e9 de pouvoir partager mon histoire avec ses filles adolescentes. Elle voulait que ses enfants sachent qu&rsquo;ils peuvent eux aussi devenir des leaders. Comme moi, leurs chemins vers le succ\u00e8s ont \u00e9t\u00e9 pav\u00e9s par les efforts inlassables d&rsquo;autres femmes noires. Dans les moments difficiles, c&rsquo;est l&rsquo;une des conversations auxquelles je reviens. Cela me rappelle que mon histoire est plus grande que moi. Elle relie \u00e0 la fois celles qui sont venues avant moi et celles qui arrivent. C&rsquo;est l\u00e0 que r\u00e9side le pouvoir de la narration d&rsquo;histoires.<\/p>\n<p>En ce Mois de l&rsquo;histoire des Noirs, prenez le temps d&rsquo;\u00e9couter et d&rsquo;apprendre, puis joignez-vous \u00e0 nous pour lutter contre le racisme anti-Noir dans toute la province et dans tous les syst\u00e8mes afin d&rsquo;assurer la s\u00e9curit\u00e9, le bien-\u00eatre et la r\u00e9ussite de tous les enfants, les jeunes, les familles et les communaut\u00e9s de race noire.<\/p>\n","protected":false},"excerpt":{"rendered":"","protected":false},"author":21,"featured_media":7397,"comment_status":"closed","ping_status":"closed","sticky":false,"template":"","format":"standard","meta":{"footnotes":"","_links_to":"","_links_to_target":""},"categories":[43,34,42,58,46,109,33,57],"tags":[],"class_list":["post-13857","post","type-post","status-publish","format-standard","has-post-thumbnail","hentry","category-agences-daide-a-lenfance","category-en-vedette","category-enfants","category-familles-afro-canadiennes","category-jeunes","category-message-du-pdg","category-partenaires-communautaires","category-responsabilisation"],"_links":{"self":[{"href":"https:\/\/www.oacas.org\/fr\/wp-json\/wp\/v2\/posts\/13857","targetHints":{"allow":["GET"]}}],"collection":[{"href":"https:\/\/www.oacas.org\/fr\/wp-json\/wp\/v2\/posts"}],"about":[{"href":"https:\/\/www.oacas.org\/fr\/wp-json\/wp\/v2\/types\/post"}],"author":[{"embeddable":true,"href":"https:\/\/www.oacas.org\/fr\/wp-json\/wp\/v2\/users\/21"}],"replies":[{"embeddable":true,"href":"https:\/\/www.oacas.org\/fr\/wp-json\/wp\/v2\/comments?post=13857"}],"version-history":[{"count":0,"href":"https:\/\/www.oacas.org\/fr\/wp-json\/wp\/v2\/posts\/13857\/revisions"}],"wp:featuredmedia":[{"embeddable":true,"href":"https:\/\/www.oacas.org\/fr\/wp-json\/wp\/v2\/media\/7397"}],"wp:attachment":[{"href":"https:\/\/www.oacas.org\/fr\/wp-json\/wp\/v2\/media?parent=13857"}],"wp:term":[{"taxonomy":"category","embeddable":true,"href":"https:\/\/www.oacas.org\/fr\/wp-json\/wp\/v2\/categories?post=13857"},{"taxonomy":"post_tag","embeddable":true,"href":"https:\/\/www.oacas.org\/fr\/wp-json\/wp\/v2\/tags?post=13857"}],"curies":[{"name":"wp","href":"https:\/\/api.w.org\/{rel}","templated":true}]}}