{"id":13516,"date":"2022-12-19T11:41:32","date_gmt":"2022-12-19T16:41:32","guid":{"rendered":"https:\/\/www.oacas.org\/2022\/12\/une-vision-une-voix-invite-les-jeunes-qui-sidentifient-comme-etant-afro-canadiennes-en-ontario-a-se-joindre-a-leur-nouveau-comite-daction-jeunesse\/"},"modified":"2022-12-19T11:41:32","modified_gmt":"2022-12-19T16:41:32","slug":"une-vision-une-voix-invite-les-jeunes-qui-sidentifient-comme-etant-afro-canadiennes-en-ontario-a-se-joindre-a-leur-nouveau-comite-daction-jeunesse","status":"publish","type":"post","link":"https:\/\/www.oacas.org\/fr\/2022\/12\/une-vision-une-voix-invite-les-jeunes-qui-sidentifient-comme-etant-afro-canadiennes-en-ontario-a-se-joindre-a-leur-nouveau-comite-daction-jeunesse\/","title":{"rendered":"Une vision une voix invite les jeunes qui s&rsquo;identifient comme \u00e9tant afro-canadiennes en Ontario \u00e0 se joindre \u00e0 leur nouveau Comit\u00e9 d&rsquo;action jeunesse"},"content":{"rendered":"<p><a href=\"https:\/\/www.oacas.org\/fr\/programmes-et-ressources\/unevisionunevoix\/\">Une vision une voix<\/a> invite les jeunes qui s&rsquo;identifient comme \u00e9tant afro-canadiennes en Ontario et qui sont \u00e2g\u00e9es de 15 \u00e0 29 ans \u00e0 se joindre \u00e0 leur nouveau Comit\u00e9 d&rsquo;action jeunesse (CAJ). C&rsquo;est l&rsquo;occasion pour les jeunes afro-canadiennes d&rsquo;informer, de participer et de contribuer au travail d\u2019Une vision une voix.<\/p>\n<p>Voici certains des avantages de faire partie du CAJ :<\/p>\n<ul>\n<li>Heures communautaires<\/li>\n<li>Exp\u00e9rience de b\u00e9n\u00e9volat et de leadership<\/li>\n<li>Honoraires<\/li>\n<li>R\u00e9f\u00e9rences professionnelles<\/li>\n<\/ul>\n<p>L&rsquo;engagement, en termes de temps, est du 1<sup>er<\/sup> avril 2023 au 31 mars 2024. Les r\u00e9unions auront lieu tous les trimestres \u00e0 partir d&rsquo;avril et auront une dur\u00e9e d\u2019une heure.<\/p>\n<p>Pour en savoir plus sur Une vision une voix, visitez le <a href=\"https:\/\/www.oacas.org\/fr\/programmes-et-ressources\/unevisionunevoix\/\">oacas.org\/onevisiononevoice<\/a>.<\/p>\n<p>Pour nous faire conna\u00eetre votre int\u00e9r\u00eat \u00e0 vous joindre au CAJ et ainsi contribuer au travail que fait UVUV pour changer les r\u00e9sultats des familles afro-canadiennes qui sont impliqu\u00e9es dans le syst\u00e8me du bien-\u00eatre de l&rsquo;enfance, veuillez remplir le formulaire <a href=\"https:\/\/docs.google.com\/forms\/d\/e\/1FAIpQLSdV_YSrQfDEfQkyCL9fWek77RdVTXSP14mCnImv0PpKgtVWAQ\/viewform\">ici<\/a>.<\/p>\n<p>&nbsp;<\/p>\n","protected":false},"excerpt":{"rendered":"","protected":false},"author":21,"featured_media":13460,"comment_status":"closed","ping_status":"open","sticky":false,"template":"","format":"standard","meta":{"footnotes":"","_links_to":"","_links_to_target":""},"categories":[43,34,58,46,33,57],"tags":[],"class_list":["post-13516","post","type-post","status-publish","format-standard","has-post-thumbnail","hentry","category-agences-daide-a-lenfance","category-en-vedette","category-familles-afro-canadiennes","category-jeunes","category-partenaires-communautaires","category-responsabilisation"],"_links":{"self":[{"href":"https:\/\/www.oacas.org\/fr\/wp-json\/wp\/v2\/posts\/13516","targetHints":{"allow":["GET"]}}],"collection":[{"href":"https:\/\/www.oacas.org\/fr\/wp-json\/wp\/v2\/posts"}],"about":[{"href":"https:\/\/www.oacas.org\/fr\/wp-json\/wp\/v2\/types\/post"}],"author":[{"embeddable":true,"href":"https:\/\/www.oacas.org\/fr\/wp-json\/wp\/v2\/users\/21"}],"replies":[{"embeddable":true,"href":"https:\/\/www.oacas.org\/fr\/wp-json\/wp\/v2\/comments?post=13516"}],"version-history":[{"count":0,"href":"https:\/\/www.oacas.org\/fr\/wp-json\/wp\/v2\/posts\/13516\/revisions"}],"wp:featuredmedia":[{"embeddable":true,"href":"https:\/\/www.oacas.org\/fr\/wp-json\/wp\/v2\/media\/13460"}],"wp:attachment":[{"href":"https:\/\/www.oacas.org\/fr\/wp-json\/wp\/v2\/media?parent=13516"}],"wp:term":[{"taxonomy":"category","embeddable":true,"href":"https:\/\/www.oacas.org\/fr\/wp-json\/wp\/v2\/categories?post=13516"},{"taxonomy":"post_tag","embeddable":true,"href":"https:\/\/www.oacas.org\/fr\/wp-json\/wp\/v2\/tags?post=13516"}],"curies":[{"name":"wp","href":"https:\/\/api.w.org\/{rel}","templated":true}]}}