{"id":11305,"date":"2022-04-13T12:08:06","date_gmt":"2022-04-13T16:08:06","guid":{"rendered":"https:\/\/www.oacas.org\/2022\/04\/priorites-electorales-en-matiere-de-bien-etre-de-lenfance-renforcer-les-services-et-les-mesures-de-soutien-destinees-aux-jeunes-plus-agees-et-a-celles-qui-quittent-la-prise-en-charge-pour-l\/"},"modified":"2022-04-13T13:41:04","modified_gmt":"2022-04-13T17:41:04","slug":"priorites-electorales-en-matiere-de-bien-etre-de-lenfance-renforcer-les-services-et-les-mesures-de-soutien-destinees-aux-jeunes-plus-agees-et-a-celles-qui-quittent-la-prise-en-charge-pour-l","status":"publish","type":"post","link":"https:\/\/www.oacas.org\/fr\/2022\/04\/priorites-electorales-en-matiere-de-bien-etre-de-lenfance-renforcer-les-services-et-les-mesures-de-soutien-destinees-aux-jeunes-plus-agees-et-a-celles-qui-quittent-la-prise-en-charge-pour-l\/","title":{"rendered":"Priorit\u00e9s \u00e9lectorales en mati\u00e8re de bien-\u00eatre de l\u2019enfance : Renforcer les services et les mesures de soutien destin\u00e9es aux jeunes plus \u00e2g\u00e9es et \u00e0 celles qui quittent la prise en charge pour les aider \u00e0 r\u00e9ussir."},"content":{"rendered":"\t\t<div data-elementor-type=\"wp-post\" data-elementor-id=\"11305\" class=\"elementor elementor-11305 elementor-11247\">\n\t\t\t\t\t\t<section class=\"elementor-section elementor-top-section elementor-element elementor-element-b4b0f61 elementor-section-boxed elementor-section-height-default elementor-section-height-default\" data-id=\"b4b0f61\" data-element_type=\"section\" data-e-type=\"section\">\n\t\t\t\t\t\t<div class=\"elementor-container elementor-column-gap-default\">\n\t\t\t\t\t<div class=\"elementor-column elementor-col-100 elementor-top-column elementor-element elementor-element-e3fa53e\" data-id=\"e3fa53e\" data-element_type=\"column\" data-e-type=\"column\">\n\t\t\t<div class=\"elementor-widget-wrap elementor-element-populated\">\n\t\t\t\t\t\t<div class=\"elementor-element elementor-element-b1cbb8a elementor-widget elementor-widget-image\" data-id=\"b1cbb8a\" data-element_type=\"widget\" data-e-type=\"widget\" data-widget_type=\"image.default\">\n\t\t\t\t<div class=\"elementor-widget-container\">\n\t\t\t\t\t\t\t\t\t\t\t\t\t\t\t<img fetchpriority=\"high\" decoding=\"async\" width=\"1052\" height=\"297\" src=\"https:\/\/www.oacas.org\/wp-content\/uploads\/2022\/04\/Priority-3-image.png\" class=\"attachment-large size-large wp-image-11253\" alt=\"\" srcset=\"https:\/\/www.oacas.org\/wp-content\/uploads\/2022\/04\/Priority-3-image.png 1052w, https:\/\/www.oacas.org\/wp-content\/uploads\/2022\/04\/Priority-3-image-768x217.png 768w\" sizes=\"(max-width: 1052px) 100vw, 1052px\" \/>\t\t\t\t\t\t\t\t\t\t\t\t\t\t\t<\/div>\n\t\t\t\t<\/div>\n\t\t\t\t<div class=\"elementor-element elementor-element-6486aa7 elementor-widget elementor-widget-text-editor\" data-id=\"6486aa7\" data-element_type=\"widget\" data-e-type=\"widget\" data-widget_type=\"text-editor.default\">\n\t\t\t\t<div class=\"elementor-widget-container\">\n\t\t\t\t\t\t\t\t\t<p style=\"font-size: 18px; background-color: #ffffff; text-align: start;\"><em style=\"font-size: 18px;\">\u00ab Chaque personne que j\u2019ai rencontr\u00e9e dans le syst\u00e8me avait un grand potentiel de r\u00e9ussite. Ce sont les barri\u00e8res sociales qui sont \u00e0 l\u2019origine de bon nombre des probl\u00e8mes qu\u2019elles rencontrent. \u00bb<\/em><\/p><p style=\"font-size: 18px; background-color: #ffffff; text-align: start;\"><em style=\"font-size: 18px;\">&#8211; Jeune anonyme<\/em><\/p>\t\t\t\t\t\t\t\t<\/div>\n\t\t\t\t<\/div>\n\t\t\t\t<div class=\"elementor-element elementor-element-e6b7bb6 elementor-widget elementor-widget-text-editor\" data-id=\"e6b7bb6\" data-element_type=\"widget\" data-e-type=\"widget\" data-widget_type=\"text-editor.default\">\n\t\t\t\t<div class=\"elementor-widget-container\">\n\t\t\t\t\t\t\t\t\t<p>L\u2019OASAE et le secteur du bien-\u00eatre de l\u2019enfance de l\u2019Ontario appuient l\u2019engagement du gouvernement actuel \u00e0 renforcer les mesures soutiens pour les jeunes et \u00e0 mettre en \u0153uvre une strat\u00e9gie de pr\u00e9paration pour les jeunes qui quittent la prise en charge. Les mauvais r\u00e9sultats des jeunes issues du syst\u00e8me de bien-\u00eatre de l\u2019enfance sont bien document\u00e9s. Il s\u2019agit notamment de taux sup\u00e9rieur en mati\u00e8re d\u2019\u00e9chec scolaire, de ch\u00f4mage, d\u2019itin\u00e9rance, de d\u00e9m\u00eal\u00e9s avec la justice p\u00e9nale, de vuln\u00e9rabilit\u00e9 \u00e0 la traite des personnes, de parentalit\u00e9 pr\u00e9coce et de d\u00e9pendance \u00e0 l\u2019aide sociale. La pand\u00e9mie de COVID-19 a exacerb\u00e9 ces risques et d\u00e9fis pr\u00e9existants pour les jeunes prises en charge ou non. Il est plus que jamais n\u00e9cessaire d\u2019investir dans leur s\u00e9curit\u00e9 et leur mieux-\u00eatre afin de s\u2019assurer qu\u2019elles ne prennent pas plus de retard que leurs paires. Une attention particuli\u00e8re, dans le cadre de plan gouvernemental global de pr\u00e9paration, doit \u00eatre accord\u00e9e \u00e0 leur sant\u00e9 physique et mentale, \u00e0 leur maturit\u00e9 d\u00e9veloppementale, \u00e0 leur r\u00e9ussite scolaire et \u00e0 leurs possibilit\u00e9s d\u2019emploi.<\/p><p>Les jeunes issues du syst\u00e8me du bien-\u00eatre de l\u2019enfance ont constamment exprim\u00e9 leurs pr\u00e9occupations et formul\u00e9 leurs exigences en mati\u00e8re une transition r\u00e9ussie hors du syst\u00e8me du bien-\u00eatre de l\u2019enfance. Elles comprennent :<\/p><ul><li><strong>Des investissements dans le mieux-\u00eatre <\/strong>qui tiennent compte des d\u00e9terminants sociaux de la sant\u00e9 : Logement gratuit et abordable, acc\u00e8s aux transports en commun, prestations de sant\u00e9 et de soins dentaires, aide \u00e0 l\u2019emploi (comme l\u2019aide \u00e0 la recherche d\u2019emploi, l\u2019orientation professionnelle et des salaires d\u00e9cents), services et soutiens culturels, et garde d\u2019enfants \u00e0 charge. Il s\u2019agit \u00e9galement de prendre en compte les besoins des diverses populations et identit\u00e9s, y compris les jeunes qui sont repr\u00e9sent\u00e9es de mani\u00e8re disproportionn\u00e9e dans le syst\u00e8me du bien-\u00eatre de l\u2019enfance.<\/li><li><strong> Une meilleure pr\u00e9paration \u00e0 l\u2019\u00e2ge adulte et \u00e0 l\u2019ind\u00e9pendance<\/strong>: Connaissances financi\u00e8res, comp\u00e9tences en mati\u00e8re de gestion du foyer, acc\u00e8s \u00e0 des mentors et \u00e0 du soutien financier.<\/li><li><strong>Mesures de soutien et programmes pour la sant\u00e9 mentale<\/strong>: Th\u00e9rapie accessible et gratuite, ressources en sant\u00e9 mentale et soutien et services de r\u00e9adaptation.<\/li><\/ul><p>De plus, tout cela doit se faire en collaboration avec les d\u00e9fenseurs des droits de First Voice de l\u2019ensemble de la province, avec des perspectives et des exp\u00e9riences diverses, afin d\u2019assurer une approche coordonn\u00e9e, compl\u00e8te et \u00e9quitable en mati\u00e8re de politique et de mise en \u0153uvre.<\/p><p><strong>L\u2019OASAE exhorte tous les partis \u00e0 donner la priorit\u00e9 \u00e0 l\u2019ensemble des mesures de soutien et des services dont les jeunes issues du syst\u00e8me de protection de l\u2019enfance ont besoin pour s\u2019\u00e9panouir.<\/strong><\/p><p>Pour en apprendre davantage sur les priorit\u00e9s \u00e9lectorales du secteur du bien-\u00eatre de l\u2019enfance, veuillez consulter :<\/p><ul><li><a href=\"https:\/\/www.oacas.org\/fr\/2022\/04\/priorites-electorales-en-matiere-de-bien-etre-de-lenfance-donner-la-priorite-a-la-prevention-de-ladmission-a-lintervention-precoce-a-la-prise-en-charge-familiale-et-au-s\/\">Donner la priorit\u00e9 \u00e0 la pr\u00e9vention de l\u2019admission, \u00e0 l\u2019intervention pr\u00e9coce, \u00e0 la prise en charge familiale et au soutien communautaire afin d\u2019\u00e9viter, dans la mesure du possible, que l\u2019enfant n\u2019entre dans le syst\u00e8me du bien-\u00eatre de l\u2019enfance.<\/a><\/li><li><a href=\"https:\/\/www.oacas.org\/fr\/2022\/04\/priorites-electorales-en-matiere-de-bien-etre-de-lenfance-investir-dans-la-reconciliation-lequite-la-diversite-et-linclusion-pour-aider-a-reparer-les-dommages-causes-par\/\">Investir dans la r\u00e9conciliation, l\u2019\u00e9quit\u00e9, la diversit\u00e9 et l\u2019inclusion pour aider \u00e0 r\u00e9parer les dommages caus\u00e9s par des d\u00e9cennies de racisme syst\u00e9mique.<\/a><\/li><\/ul>\t\t\t\t\t\t\t\t<\/div>\n\t\t\t\t<\/div>\n\t\t\t\t\t<\/div>\n\t\t<\/div>\n\t\t\t\t\t<\/div>\n\t\t<\/section>\n\t\t\t\t<\/div>\n\t\t","protected":false},"excerpt":{"rendered":"","protected":false},"author":21,"featured_media":11270,"comment_status":"closed","ping_status":"closed","sticky":false,"template":"","format":"standard","meta":{"footnotes":"","_links_to":"","_links_to_target":""},"categories":[43,61,46,33,44,41],"tags":[],"class_list":["post-11305","post","type-post","status-publish","format-standard","has-post-thumbnail","hentry","category-agences-daide-a-lenfance","category-gouvernement","category-jeunes","category-partenaires-communautaires","category-permanence","category-representation"],"_links":{"self":[{"href":"https:\/\/www.oacas.org\/fr\/wp-json\/wp\/v2\/posts\/11305","targetHints":{"allow":["GET"]}}],"collection":[{"href":"https:\/\/www.oacas.org\/fr\/wp-json\/wp\/v2\/posts"}],"about":[{"href":"https:\/\/www.oacas.org\/fr\/wp-json\/wp\/v2\/types\/post"}],"author":[{"embeddable":true,"href":"https:\/\/www.oacas.org\/fr\/wp-json\/wp\/v2\/users\/21"}],"replies":[{"embeddable":true,"href":"https:\/\/www.oacas.org\/fr\/wp-json\/wp\/v2\/comments?post=11305"}],"version-history":[{"count":0,"href":"https:\/\/www.oacas.org\/fr\/wp-json\/wp\/v2\/posts\/11305\/revisions"}],"wp:featuredmedia":[{"embeddable":true,"href":"https:\/\/www.oacas.org\/fr\/wp-json\/wp\/v2\/media\/11270"}],"wp:attachment":[{"href":"https:\/\/www.oacas.org\/fr\/wp-json\/wp\/v2\/media?parent=11305"}],"wp:term":[{"taxonomy":"category","embeddable":true,"href":"https:\/\/www.oacas.org\/fr\/wp-json\/wp\/v2\/categories?post=11305"},{"taxonomy":"post_tag","embeddable":true,"href":"https:\/\/www.oacas.org\/fr\/wp-json\/wp\/v2\/tags?post=11305"}],"curies":[{"name":"wp","href":"https:\/\/api.w.org\/{rel}","templated":true}]}}