{"id":11304,"date":"2022-04-13T12:37:20","date_gmt":"2022-04-13T16:37:20","guid":{"rendered":"https:\/\/www.oacas.org\/2022\/04\/priorites-electorales-en-matiere-de-bien-etre-de-lenfance-investir-dans-la-reconciliation-lequite-la-diversite-et-linclusion-pour-aider-a-reparer-les-dommages-causes-par\/"},"modified":"2022-04-13T12:52:18","modified_gmt":"2022-04-13T16:52:18","slug":"priorites-electorales-en-matiere-de-bien-etre-de-lenfance-investir-dans-la-reconciliation-lequite-la-diversite-et-linclusion-pour-aider-a-reparer-les-dommages-causes-par","status":"publish","type":"post","link":"https:\/\/www.oacas.org\/fr\/2022\/04\/priorites-electorales-en-matiere-de-bien-etre-de-lenfance-investir-dans-la-reconciliation-lequite-la-diversite-et-linclusion-pour-aider-a-reparer-les-dommages-causes-par\/","title":{"rendered":"Priorit\u00e9s \u00e9lectorales en mati\u00e8re de bien-\u00eatre de l\u2019enfance : Investir dans la r\u00e9conciliation, l\u2019\u00e9quit\u00e9, la diversit\u00e9 et l\u2019inclusion pour aider \u00e0 r\u00e9parer les dommages caus\u00e9s par des d\u00e9cennies de racisme syst\u00e9mique."},"content":{"rendered":"\t\t<div data-elementor-type=\"wp-post\" data-elementor-id=\"11304\" class=\"elementor elementor-11304 elementor-11246\">\n\t\t\t\t\t\t<section class=\"elementor-section elementor-top-section elementor-element elementor-element-63a42e3 elementor-section-boxed elementor-section-height-default elementor-section-height-default\" data-id=\"63a42e3\" data-element_type=\"section\" data-e-type=\"section\">\n\t\t\t\t\t\t<div class=\"elementor-container elementor-column-gap-default\">\n\t\t\t\t\t<div class=\"elementor-column elementor-col-100 elementor-top-column elementor-element elementor-element-7c3e37e\" data-id=\"7c3e37e\" data-element_type=\"column\" data-e-type=\"column\">\n\t\t\t<div class=\"elementor-widget-wrap elementor-element-populated\">\n\t\t\t\t\t\t<div class=\"elementor-element elementor-element-f37c9f0 elementor-widget elementor-widget-image\" data-id=\"f37c9f0\" data-element_type=\"widget\" data-e-type=\"widget\" data-widget_type=\"image.default\">\n\t\t\t\t<div class=\"elementor-widget-container\">\n\t\t\t\t\t\t\t\t\t\t\t\t\t\t\t<img fetchpriority=\"high\" decoding=\"async\" width=\"1060\" height=\"301\" src=\"https:\/\/www.oacas.org\/wp-content\/uploads\/2022\/04\/Priority-2-image.png\" class=\"attachment-large size-large wp-image-11251\" alt=\"\" srcset=\"https:\/\/www.oacas.org\/wp-content\/uploads\/2022\/04\/Priority-2-image.png 1060w, https:\/\/www.oacas.org\/wp-content\/uploads\/2022\/04\/Priority-2-image-768x218.png 768w\" sizes=\"(max-width: 1060px) 100vw, 1060px\" \/>\t\t\t\t\t\t\t\t\t\t\t\t\t\t\t<\/div>\n\t\t\t\t<\/div>\n\t\t\t\t<div class=\"elementor-element elementor-element-4d3bc30 elementor-widget elementor-widget-text-editor\" data-id=\"4d3bc30\" data-element_type=\"widget\" data-e-type=\"widget\" data-widget_type=\"text-editor.default\">\n\t\t\t\t<div class=\"elementor-widget-container\">\n\t\t\t\t\t\t\t\t\t<p><em>\u00ab De nombreuses enfants et familles autochtones souffriront plus que jamais maintenant que nous avons mis au jour les fosses communes des pensionnats. Veuillez donner la priorit\u00e9 \u00e0 l\u2019acc\u00e8s aux mesures de soutien pour les jeunes et les familles autochtones \u00bb<\/em><\/p><p><em><\/em><em>\u2013 Jeune anonyme<\/em><\/p>\r\n\t\t\t\t\t\t\t\t<\/div>\n\t\t\t\t<\/div>\n\t\t\t\t<div class=\"elementor-element elementor-element-20edb71 elementor-widget elementor-widget-text-editor\" data-id=\"20edb71\" data-element_type=\"widget\" data-e-type=\"widget\" data-widget_type=\"text-editor.default\">\n\t\t\t\t<div class=\"elementor-widget-container\">\n\t\t\t\t\t\t\t\t\tLe secteur du bien-\u00eatre de l\u2019enfance de l\u2019Ontario continue d\u2019accorder la priorit\u00e9 \u00e0 la r\u00e9conciliation et \u00e0 l\u2019\u00e9quit\u00e9 afin de favoriser l\u2019obtention de meilleurs r\u00e9sultats en mati\u00e8re de services pour toutes les enfants, les jeunes et les familles. Pourtant, les services pr\u00e9sentent toujours des lacunes, et les collectivit\u00e9s marginalis\u00e9es et intersectionnelles continuent d\u2019\u00eatre confront\u00e9es \u00e0 des risques, des pr\u00e9judices et des r\u00e9sultats m\u00e9diocres.\r\n\r\nLes donn\u00e9es actuelles d\u00e9montrent clairement qu\u2019il reste beaucoup \u00e0 faire pour r\u00e9soudre les probl\u00e8mes de disproportionnalit\u00e9 et de disparit\u00e9 pour les enfants, les jeunes et les familles des Premi\u00e8res nations, des M\u00e9tis et des Inuits. Malgr\u00e9 l\u2019annonce r\u00e9cente d\u2019un r\u00e8glement par le gouvernement f\u00e9d\u00e9ral, de nombreuses enfants, jeunes et familles des Premi\u00e8res nations, des M\u00e9tis et des Inuits continuent d\u2019\u00eatre desservies hors r\u00e9serve par des soci\u00e9t\u00e9s d\u2019aide \u00e0 l\u2019enfance non autochtones et des organismes autochtones de bien-\u00eatre de l\u2019enfance et de la famille. Ces organismes ont besoin de ressources ad\u00e9quates pour \u00eatre en mesure de fournir des services et des soutiens accessibles et adapt\u00e9s \u00e0 leur culture.\r\n\r\nLa pand\u00e9mie de COVID-19 continue de r\u00e9v\u00e9ler les in\u00e9galit\u00e9s structurelles et syst\u00e9miques dans les collectivit\u00e9s de l\u2019Ontario. Nous f\u00e9licitons le gouvernement actuel pour l\u2019annonce r\u00e9cented\u2019investissements visant \u00e0 soutenir les enfants et les jeunes 2SLGBTQ+ qui ont recours au bien-\u00eatre de l\u2019enfance, \u00e9tant donn\u00e9 que les jeunes de ces collectivit\u00e9s ont \u00e9t\u00e9 confront\u00e9es \u00e0 un isolement social accru et \u00e0 un risque plus \u00e9lev\u00e9 d\u2019automutilation ou de suicide au cours des deux derni\u00e8res ann\u00e9es.\r\n\r\nNous saluons \u00e9galement la d\u00e9cision du gouvernement de financer de fa\u00e7on continue le programme Une vision Une voix (UVUV) et de donner la priorit\u00e9 au d\u00e9mant\u00e8lement du racisme envers les Noirs et \u00e0 la r\u00e9solution du probl\u00e8me de la surrepr\u00e9sentation des Afro-Canadiens dans les services de bien-\u00eatre de l\u2019enfance. Le secteur du bien-\u00eatre de l\u2019enfance de l\u2019Ontario s\u2019est engag\u00e9 \u00e0 mettre en \u0153uvre les Pratiques d\u2019\u00e9quit\u00e9 raciale et \u00e0 soutenir les initiatives qui favorisent l\u2019obtention de meilleurs r\u00e9sultats pour les enfants, les jeunes et les familles Noires.\r\n\r\nDes initiatives comme celles-ci peuvent servir de mod\u00e8les pour les types de programmes \u00e9clair\u00e9s et dirig\u00e9s par la collectivit\u00e9 dans lesquels il faut investir. Nous avons la possibilit\u00e9 de piloter et de financer des projets similaires qui peuvent combler les lacunes en mati\u00e8re de services et satisfaire aux besoins uniques des collectivit\u00e9s marginalis\u00e9es. Les approches financ\u00e9es en glissement annuel contribueront \u00e0 soutenir les nouvelles interventions qui s\u2019attaquent \u00e0 la surrepr\u00e9sentation.\r\n\r\nL\u2019OASAE exhorte tous les partis \u00e0 envisager une approche coh\u00e9rente et financ\u00e9e de la r\u00e9conciliation et de l\u2019\u00e9quit\u00e9, de la diversit\u00e9 et de l\u2019inclusion afin d\u2019am\u00e9liorer les services et les mesures de soutien, mais aussi \u00e0 int\u00e9grer des mesures d\u2019imputabilit\u00e9 permettant d\u2019axer tous les aspects du travail de protection de l\u2019enfance sur la r\u00e9conciliation et les pratiques \u00e9quitables et de les relier directement \u00e0 l\u2019am\u00e9lioration des r\u00e9sultats.\r\n\r\nPour en apprendre davantage sur les <a href=\"https:\/\/www.oacas.org\/fr\/2022\/04\/elections-ontariennes-de-2022-loasae-demande-a-tous-les-partis-politiques-detre-icipouraideron-les-enfants-les-jeunes-et-les-familles-les-plus-vulnerables-de-lontario\/\">priorit\u00e9s \u00e9lectorales<\/a> du secteur du bien-\u00eatre de l\u2019enfance, veuillez consulter :\r\n<ul>\r\n \t<li><a href=\"https:\/\/www.oacas.org\/fr\/2022\/04\/priorites-electorales-en-matiere-de-bien-etre-de-lenfance-donner-la-priorite-a-la-prevention-de-ladmission-a-lintervention-precoce-a-la-prise-en-charge-familiale-et-au-s\/\">Donner la priorit\u00e9 \u00e0 la pr\u00e9vention de l\u2019admission, \u00e0 l\u2019intervention pr\u00e9coce, \u00e0 la prise en charge familiale et au soutien communautaire afin d\u2019\u00e9viter, dans la mesure du possible, que l\u2019enfant n\u2019entre dans le syst\u00e8me du bien-\u00eatre de l\u2019enfance.<\/a><\/li>\r\n \t<li><a href=\"https:\/\/www.oacas.org\/fr\/2022\/04\/priorites-electorales-en-matiere-de-bien-etre-de-lenfance-renforcer-les-services-et-les-mesures-de-soutien-destinees-aux-jeunes-plus-agees-et-a-celles-qui-quittent-la-prise-en-charge-pour-l\/\">Renforcer les services et les mesures de soutien destin\u00e9s aux jeunes plus \u00e2g\u00e9es et \u00e0 celles qui quittent la prise en charge pour les aider \u00e0 r\u00e9ussir.<\/a><\/li>\r\n<\/ul>\t\t\t\t\t\t\t\t<\/div>\n\t\t\t\t<\/div>\n\t\t\t\t\t<\/div>\n\t\t<\/div>\n\t\t\t\t\t<\/div>\n\t\t<\/section>\n\t\t\t\t<\/div>\n\t\t","protected":false},"excerpt":{"rendered":"","protected":false},"author":21,"featured_media":11268,"comment_status":"closed","ping_status":"closed","sticky":false,"template":"","format":"standard","meta":{"footnotes":"","_links_to":"","_links_to_target":""},"categories":[43,42,58,61,46,98,41,32],"tags":[],"class_list":["post-11304","post","type-post","status-publish","format-standard","has-post-thumbnail","hentry","category-agences-daide-a-lenfance","category-enfants","category-familles-afro-canadiennes","category-gouvernement","category-jeunes","category-la-verite-et-de-la-reconciliation","category-representation","category-services-aux-autochtones"],"_links":{"self":[{"href":"https:\/\/www.oacas.org\/fr\/wp-json\/wp\/v2\/posts\/11304","targetHints":{"allow":["GET"]}}],"collection":[{"href":"https:\/\/www.oacas.org\/fr\/wp-json\/wp\/v2\/posts"}],"about":[{"href":"https:\/\/www.oacas.org\/fr\/wp-json\/wp\/v2\/types\/post"}],"author":[{"embeddable":true,"href":"https:\/\/www.oacas.org\/fr\/wp-json\/wp\/v2\/users\/21"}],"replies":[{"embeddable":true,"href":"https:\/\/www.oacas.org\/fr\/wp-json\/wp\/v2\/comments?post=11304"}],"version-history":[{"count":0,"href":"https:\/\/www.oacas.org\/fr\/wp-json\/wp\/v2\/posts\/11304\/revisions"}],"wp:featuredmedia":[{"embeddable":true,"href":"https:\/\/www.oacas.org\/fr\/wp-json\/wp\/v2\/media\/11268"}],"wp:attachment":[{"href":"https:\/\/www.oacas.org\/fr\/wp-json\/wp\/v2\/media?parent=11304"}],"wp:term":[{"taxonomy":"category","embeddable":true,"href":"https:\/\/www.oacas.org\/fr\/wp-json\/wp\/v2\/categories?post=11304"},{"taxonomy":"post_tag","embeddable":true,"href":"https:\/\/www.oacas.org\/fr\/wp-json\/wp\/v2\/tags?post=11304"}],"curies":[{"name":"wp","href":"https:\/\/api.w.org\/{rel}","templated":true}]}}